  {"id":8823,"date":"2017-04-06T17:15:47","date_gmt":"2017-04-06T21:15:47","guid":{"rendered":"http:\/\/www.un.org\/sustainabledevelopment\/es\/?p=8823"},"modified":"2017-11-21T11:20:53","modified_gmt":"2017-11-21T16:20:53","slug":"raul-gonzalez-la-liga-y-la-onu-juntos-en-apoyo-de-los-refugiados-y-migrantes","status":"publish","type":"post","link":"https:\/\/www.un.org\/sustainabledevelopment\/es\/2017\/04\/raul-gonzalez-la-liga-y-la-onu-juntos-en-apoyo-de-los-refugiados-y-migrantes\/","title":{"rendered":"Ra\u00fal Gonz\u00e1lez, la Liga y la ONU, JÄ¢¹½ÊÓÆµTOS en apoyo de los refugiados y migrantes"},"content":{"rendered":"<div class=\"fusion-fullwidth fullwidth-box fusion-builder-row-1 hundred-percent-fullwidth non-hundred-percent-height-scrolling\" style=\"--awb-border-radius-top-left:0px;--awb-border-radius-top-right:0px;--awb-border-radius-bottom-right:0px;--awb-border-radius-bottom-left:0px;--awb-overflow:visible;--awb-flex-wrap:wrap;\" ><div class=\"fusion-builder-row fusion-row\"><div class=\"fusion-layout-column fusion_builder_column fusion-builder-column-0 fusion_builder_column_1_1 1_1 fusion-one-full fusion-column-first fusion-column-last fusion-column-no-min-height\" style=\"--awb-bg-size:cover;--awb-margin-bottom:0px;\"><div class=\"fusion-column-wrapper fusion-flex-column-wrapper-legacy\"><div class=\"fusion-text fusion-text-1\"><p>En el mundo del deporte, nada es m\u00e1s importante que el respeto. Este es el mensaje que nos ha traido Ra\u00fal Gonz\u00e1lez que, como jugador de f\u00fatbol, ha jugado con gente de  todo el mundo. La diversidad nos hace m\u00e1s fuertes.<\/p>\n<p>JÄ¢¹½ÊÓÆµTOS es una iniciativa mundial que promueve el respeto, la seguridad y la dignidad de todas las personas obligadas a abandonar sus hogares en busca de una vida mejor.<br \/>\nPara conocer m\u00e1s detalles de esta campa\u00f1a visita https:\/\/together.un.org\/es<\/p>\n<p>El D\u00eda Internacional del Migrante se celebra anualmente el 18 de diciembre: http:\/\/www.un.org\/es\/events\/migrantsday\/<\/p>\n<p>El D\u00eda Mundial de los Refugiados se conmemora anualmente el 20 de junio: http:\/\/www.un.org\/es\/events\/refugeeday\/<\/p>\n<p>El D\u00eda Internacional del Deporte para el Desarrollo y la Paz se celebra el 6 de abril: http:\/\/www.un.org\/es\/events\/sportday\/<\/p>\n<p>Si deseas m\u00e1s informaci\u00f3n sobre este importante asunto, visita nuestra p\u00e1gina: http:\/\/www.un.org\/es\/sections\/issues-depth\/refugees\/index.html<\/p>\n<\/div><div class=\"fusion-clearfix\"><\/div><\/div><\/div><div class=\"fusion-layout-column fusion_builder_column fusion-builder-column-1 fusion_builder_column_1_1 1_1 fusion-one-full fusion-column-first fusion-column-last fusion-column-no-min-height\" style=\"--awb-bg-size:cover;--awb-margin-bottom:0px;\"><div class=\"fusion-column-wrapper fusion-flex-column-wrapper-legacy\"><div class=\"fusion-clearfix\"><\/div><\/div><\/div><\/div><\/div>\n","protected":false},"excerpt":{"rendered":"","protected":false},"author":37,"featured_media":0,"comment_status":"closed","ping_status":"closed","sticky":false,"template":"","format":"video","meta":{"_et_pb_use_builder":"","_et_pb_old_content":"","_et_gb_content_width":"","footnotes":""},"categories":[103],"tags":[],"class_list":["post-8823","post","type-post","status-publish","format-video","hentry","category-video-justicia-y-paz","post_format-post-format-video"],"_links":{"self":[{"href":"https:\/\/www.un.org\/sustainabledevelopment\/es\/wp-json\/wp\/v2\/posts\/8823","targetHints":{"allow":["GET"]}}],"collection":[{"href":"https:\/\/www.un.org\/sustainabledevelopment\/es\/wp-json\/wp\/v2\/posts"}],"about":[{"href":"https:\/\/www.un.org\/sustainabledevelopment\/es\/wp-json\/wp\/v2\/types\/post"}],"author":[{"embeddable":true,"href":"https:\/\/www.un.org\/sustainabledevelopment\/es\/wp-json\/wp\/v2\/users\/37"}],"replies":[{"embeddable":true,"href":"https:\/\/www.un.org\/sustainabledevelopment\/es\/wp-json\/wp\/v2\/comments?post=8823"}],"version-history":[{"count":0,"href":"https:\/\/www.un.org\/sustainabledevelopment\/es\/wp-json\/wp\/v2\/posts\/8823\/revisions"}],"wp:attachment":[{"href":"https:\/\/www.un.org\/sustainabledevelopment\/es\/wp-json\/wp\/v2\/media?parent=8823"}],"wp:term":[{"taxonomy":"category","embeddable":true,"href":"https:\/\/www.un.org\/sustainabledevelopment\/es\/wp-json\/wp\/v2\/categories?post=8823"},{"taxonomy":"post_tag","embeddable":true,"href":"https:\/\/www.un.org\/sustainabledevelopment\/es\/wp-json\/wp\/v2\/tags?post=8823"}],"curies":[{"name":"wp","href":"https:\/\/api.w.org\/{rel}","templated":true}]}}