  {"id":9027,"date":"2017-04-24T16:57:33","date_gmt":"2017-04-24T20:57:33","guid":{"rendered":"http:\/\/www.un.org\/sustainabledevelopment\/es\/?p=9027"},"modified":"2017-11-13T16:00:28","modified_gmt":"2017-11-13T21:00:28","slug":"oms-anuncia-programa-piloto-de-vacunacion-contra-la-malaria-en-tres-paises-de-africa","status":"publish","type":"post","link":"https:\/\/www.un.org\/sustainabledevelopment\/es\/2017\/04\/oms-anuncia-programa-piloto-de-vacunacion-contra-la-malaria-en-tres-paises-de-africa\/","title":{"rendered":"OMS anuncia programa piloto de vacunaci\u00f3n contra la malaria en tres pa\u00edses de \u00c1frica"},"content":{"rendered":"<p>La Organizaci\u00f3n Mundial de la Salud (OMS) anunci\u00f3 hoy el primer programa piloto de vacunaci\u00f3n contra esta enfermedad para ni\u00f1os de Ghana, Kenya y Malawi.<\/p>\n<p>La OMS asegura que la vacuna podr\u00eda ayudar a salvar miles de vidas en \u00c1frica, el continente donde se da el 90% de los casos de malaria.<\/p>\n<p>La vacuna la recibir\u00e1n ni\u00f1os de entre 17 meses y 5 cinco a\u00f1os en Ghana, Kenya y Malawi. Estos tres pa\u00edses han sido seleccionados porque siguen viendo tasas de infecci\u00f3n muy altas, a pesar de los programas para prevenir la enfermedad.<\/p>\n<p>La vacuna, conocida como RTS,S, ha sido desarrollada para proteger a los ni\u00f1os del tipo de malaria m\u00e1s mortal causada por el par\u00e1sito Plasmodium falciparum.<\/p>\n<p>Es el \u00fanico tratamiento contra la malaria que ha superado ensayos cl\u00ednicos, pero tiene que inyectarse cuatro veces para ser eficaz. Del \u00e9xito del programa piloto depender\u00e1 que se extienda a los programas de vacunaci\u00f3n nacional, explic\u00f3 Mary Hamel, portavoz de la OMS.<\/p>\n<p>\u00abEsperamos que la vacunaci\u00f3n comience a mediados de 2018 y usaremos estos programas pilotos para entender mejor c\u00f3mo hacer llegar a los ni\u00f1os las cuatro dosis de las vacunas en un escenario real y para ver si la vacuna realmente puede tener un impacto en los casos graves de malaria y la mortalidad\u00bb, dijo Hamel.<\/p>\n<p><a href=\"http:\/\/www.un.org\/spanish\/News\/story.asp?NewsID=37187\" title=\"OMS anuncia programa piloto de vacunaci\u00f3n contra la malaria en tres pa\u00edses de \u00c1frica\">Noticias ONU<\/a><\/p>\n","protected":false},"excerpt":{"rendered":"<p>La Organizaci\u00f3n Mundial de la Salud (OMS) anunci\u00f3 hoy el  [&#8230;]<\/p>\n","protected":false},"author":37,"featured_media":9035,"comment_status":"closed","ping_status":"closed","sticky":false,"template":"","format":"standard","meta":{"_et_pb_use_builder":"","_et_pb_old_content":"","_et_gb_content_width":"","footnotes":""},"categories":[11],"tags":[],"class_list":["post-9027","post","type-post","status-publish","format-standard","has-post-thumbnail","hentry","category-health"],"_links":{"self":[{"href":"https:\/\/www.un.org\/sustainabledevelopment\/es\/wp-json\/wp\/v2\/posts\/9027","targetHints":{"allow":["GET"]}}],"collection":[{"href":"https:\/\/www.un.org\/sustainabledevelopment\/es\/wp-json\/wp\/v2\/posts"}],"about":[{"href":"https:\/\/www.un.org\/sustainabledevelopment\/es\/wp-json\/wp\/v2\/types\/post"}],"author":[{"embeddable":true,"href":"https:\/\/www.un.org\/sustainabledevelopment\/es\/wp-json\/wp\/v2\/users\/37"}],"replies":[{"embeddable":true,"href":"https:\/\/www.un.org\/sustainabledevelopment\/es\/wp-json\/wp\/v2\/comments?post=9027"}],"version-history":[{"count":0,"href":"https:\/\/www.un.org\/sustainabledevelopment\/es\/wp-json\/wp\/v2\/posts\/9027\/revisions"}],"wp:featuredmedia":[{"embeddable":true,"href":"https:\/\/www.un.org\/sustainabledevelopment\/es\/wp-json\/wp\/v2\/media\/9035"}],"wp:attachment":[{"href":"https:\/\/www.un.org\/sustainabledevelopment\/es\/wp-json\/wp\/v2\/media?parent=9027"}],"wp:term":[{"taxonomy":"category","embeddable":true,"href":"https:\/\/www.un.org\/sustainabledevelopment\/es\/wp-json\/wp\/v2\/categories?post=9027"},{"taxonomy":"post_tag","embeddable":true,"href":"https:\/\/www.un.org\/sustainabledevelopment\/es\/wp-json\/wp\/v2\/tags?post=9027"}],"curies":[{"name":"wp","href":"https:\/\/api.w.org\/{rel}","templated":true}]}}