  {"id":9095,"date":"2017-04-26T11:43:01","date_gmt":"2017-04-26T15:43:01","guid":{"rendered":"http:\/\/www.un.org\/sustainabledevelopment\/es\/?p=9095"},"modified":"2017-11-13T16:00:27","modified_gmt":"2017-11-13T21:00:27","slug":"los-pueblos-indigenas-son-esenciales-en-la-lucha-contra-el-cambio-climatico","status":"publish","type":"post","link":"https:\/\/www.un.org\/sustainabledevelopment\/es\/2017\/04\/los-pueblos-indigenas-son-esenciales-en-la-lucha-contra-el-cambio-climatico\/","title":{"rendered":"Los pueblos ind\u00edgenas son esenciales en la lucha contra el cambio clim\u00e1tico"},"content":{"rendered":"<p>Las comunidades ind\u00edgenas son esenciales para el \u00e9xito de las medidas para combatir el cambio clim\u00e1tico, seg\u00fan un informe presentado este mi\u00e9rcoles por la Organizaci\u00f3n Internacional del Trabajo (OIT) y la Oficina de la ONU para la Reducci\u00f3n del Riesgo de Desastres (Ä¢¹½ÊÓÆµISDR).<\/p>\n<p>El reporte sugiere que estas comunidades son afectadas significativamente por el fen\u00f3meno clim\u00e1tico as\u00ed como por las iniciativas que se toman para contrarrestarlo.<\/p>\n<p>\u201cAunque los ind\u00edgenas son particularmente vulnerables a los efectos del cambio clim\u00e1tico, tambi\u00e9n son actores clave en los esfuerzos de mitigaci\u00f3n y adaptaci\u00f3n contra este flagelo debido a su conocimiento tradicional y ocupaciones \u00fanicas\u201d, asegur\u00f3 el portavoz de la ONU, Stephane Dujarric, en su encuentro diario con la prensa.<\/p>\n<p>Seg\u00fan la pesquisa, las comunidades ind\u00edgenas constituyen un 5% de la poblaci\u00f3n mundial, cuidan cerca de un 22% de la superficie de la tierra y protegen el 80% de la biodiversidad del planeta.<\/p>\n<p>El estudio enfatiza que para que la acci\u00f3n clim\u00e1tica sea efectiva, los pueblos ind\u00edgenas deben ser vistos como agentes de cambio y deben tener acceso a oportunidades de trabajo decente de manera que puedan desarrollarse como una comunidad innovadora que aporta al dise\u00f1o de iniciativas y pol\u00edticas.<\/p>\n<p>Asimismo, las medidas que se tomen para combatir este fen\u00f3meno natural deben abordar los factores de riesgo que sufren espec\u00edficamente estas comunidades.<\/p>\n<p><a href=\"http:\/\/www.un.org\/spanish\/News\/story.asp?NewsID=37201\" title=\"Los pueblos ind\u00edgenas son esenciales en la lucha contra el cambio clim\u00e1tico\">Noticias ONU<\/a><\/p>\n","protected":false},"excerpt":{"rendered":"<p>Las comunidades ind\u00edgenas son esenciales para el \u00e9xito de las  [&#8230;]<\/p>\n","protected":false},"author":37,"featured_media":9099,"comment_status":"closed","ping_status":"closed","sticky":false,"template":"","format":"standard","meta":{"_et_pb_use_builder":"","_et_pb_old_content":"","_et_gb_content_width":"","footnotes":""},"categories":[5],"tags":[],"class_list":["post-9095","post","type-post","status-publish","format-standard","has-post-thumbnail","hentry","category-climate-change"],"_links":{"self":[{"href":"https:\/\/www.un.org\/sustainabledevelopment\/es\/wp-json\/wp\/v2\/posts\/9095","targetHints":{"allow":["GET"]}}],"collection":[{"href":"https:\/\/www.un.org\/sustainabledevelopment\/es\/wp-json\/wp\/v2\/posts"}],"about":[{"href":"https:\/\/www.un.org\/sustainabledevelopment\/es\/wp-json\/wp\/v2\/types\/post"}],"author":[{"embeddable":true,"href":"https:\/\/www.un.org\/sustainabledevelopment\/es\/wp-json\/wp\/v2\/users\/37"}],"replies":[{"embeddable":true,"href":"https:\/\/www.un.org\/sustainabledevelopment\/es\/wp-json\/wp\/v2\/comments?post=9095"}],"version-history":[{"count":0,"href":"https:\/\/www.un.org\/sustainabledevelopment\/es\/wp-json\/wp\/v2\/posts\/9095\/revisions"}],"wp:featuredmedia":[{"embeddable":true,"href":"https:\/\/www.un.org\/sustainabledevelopment\/es\/wp-json\/wp\/v2\/media\/9099"}],"wp:attachment":[{"href":"https:\/\/www.un.org\/sustainabledevelopment\/es\/wp-json\/wp\/v2\/media?parent=9095"}],"wp:term":[{"taxonomy":"category","embeddable":true,"href":"https:\/\/www.un.org\/sustainabledevelopment\/es\/wp-json\/wp\/v2\/categories?post=9095"},{"taxonomy":"post_tag","embeddable":true,"href":"https:\/\/www.un.org\/sustainabledevelopment\/es\/wp-json\/wp\/v2\/tags?post=9095"}],"curies":[{"name":"wp","href":"https:\/\/api.w.org\/{rel}","templated":true}]}}