  {"id":9174,"date":"2017-05-02T16:11:17","date_gmt":"2017-05-02T20:11:17","guid":{"rendered":"http:\/\/www.un.org\/sustainabledevelopment\/es\/?p=9174"},"modified":"2017-11-13T16:00:23","modified_gmt":"2017-11-13T21:00:23","slug":"dia-mundial-del-atun-onu-aboga-por-la-proteccion-de-la-especie","status":"publish","type":"post","link":"https:\/\/www.un.org\/sustainabledevelopment\/es\/2017\/05\/dia-mundial-del-atun-onu-aboga-por-la-proteccion-de-la-especie\/","title":{"rendered":"D\u00eda Mundial del At\u00fan: ONU aboga por la protecci\u00f3n de la especie"},"content":{"rendered":"<p>Naciones Unidas celebra hoy el primer D\u00eda Mundial del At\u00fan, dada la importancia que este especie marina posee en la seguridad alimentaria, el desarrollo econ\u00f3mico y el empleo en muchos pa\u00edses, especialmente en peque\u00f1as islas en desarrollo.<\/p>\n<p>Una resoluci\u00f3n de la Asamblea General de la ONU aprob\u00f3 el pasado 7 de diciembre celebrar la efem\u00e9ride cada 2 de mayo.<\/p>\n<p>La pesca excesiva, el impacto del cambio clim\u00e1tico y la acidificaci\u00f3n de los oc\u00e9anos afectan negativamente la conservaci\u00f3n y el uso sostenible de los bancos de atunes, indic\u00f3 la ONU.<\/p>\n<p>En la actualidad, m\u00e1s de 80 pa\u00edses poseen atuneras y miles de buques pesqueros especializados en esta especie marina operan en todos los oc\u00e9anos, lo que contribuye significativamente a la econom\u00eda mundial.<\/p>\n<p>Vista la importancia de esa especie, la ONU inst\u00f3 a hacer todos los esfuerzos posibles para lograr su conservaci\u00f3n a largo plazo y para hacer un sostenible de los recursos atuneros.<\/p>\n<p>La Conferencia de los Oc\u00e9anos de Naciones Unidas, que se celebrar\u00e1 el pr\u00f3ximo mes de junio, constituir\u00e1 una valiosa oportunidad para que los Estados y otras partes pugnen por la protecci\u00f3n de la vida submarina y la explotaci\u00f3n sostenible de esos ecosistemas.<\/p>\n<p><a href=\"http:\/\/www.un.org\/spanish\/News\/story.asp?NewsID=37236\" title=\"D\u00eda Mundial del At\u00fan: ONU aboga por la protecci\u00f3n de la especie\">Noticias ONU<\/a><\/p>\n","protected":false},"excerpt":{"rendered":"<p>Naciones Unidas celebra hoy el primer D\u00eda Mundial del At\u00fan,  [&#8230;]<\/p>\n","protected":false},"author":37,"featured_media":9178,"comment_status":"closed","ping_status":"closed","sticky":false,"template":"","format":"standard","meta":{"_et_pb_use_builder":"","_et_pb_old_content":"","_et_gb_content_width":"","footnotes":""},"categories":[12],"tags":[],"class_list":["post-9174","post","type-post","status-publish","format-standard","has-post-thumbnail","hentry","category-hunger"],"_links":{"self":[{"href":"https:\/\/www.un.org\/sustainabledevelopment\/es\/wp-json\/wp\/v2\/posts\/9174","targetHints":{"allow":["GET"]}}],"collection":[{"href":"https:\/\/www.un.org\/sustainabledevelopment\/es\/wp-json\/wp\/v2\/posts"}],"about":[{"href":"https:\/\/www.un.org\/sustainabledevelopment\/es\/wp-json\/wp\/v2\/types\/post"}],"author":[{"embeddable":true,"href":"https:\/\/www.un.org\/sustainabledevelopment\/es\/wp-json\/wp\/v2\/users\/37"}],"replies":[{"embeddable":true,"href":"https:\/\/www.un.org\/sustainabledevelopment\/es\/wp-json\/wp\/v2\/comments?post=9174"}],"version-history":[{"count":0,"href":"https:\/\/www.un.org\/sustainabledevelopment\/es\/wp-json\/wp\/v2\/posts\/9174\/revisions"}],"wp:featuredmedia":[{"embeddable":true,"href":"https:\/\/www.un.org\/sustainabledevelopment\/es\/wp-json\/wp\/v2\/media\/9178"}],"wp:attachment":[{"href":"https:\/\/www.un.org\/sustainabledevelopment\/es\/wp-json\/wp\/v2\/media?parent=9174"}],"wp:term":[{"taxonomy":"category","embeddable":true,"href":"https:\/\/www.un.org\/sustainabledevelopment\/es\/wp-json\/wp\/v2\/categories?post=9174"},{"taxonomy":"post_tag","embeddable":true,"href":"https:\/\/www.un.org\/sustainabledevelopment\/es\/wp-json\/wp\/v2\/tags?post=9174"}],"curies":[{"name":"wp","href":"https:\/\/api.w.org\/{rel}","templated":true}]}}