  {"id":9287,"date":"2017-05-04T14:59:12","date_gmt":"2017-05-04T18:59:12","guid":{"rendered":"http:\/\/www.un.org\/sustainabledevelopment\/es\/?p=9287"},"modified":"2017-11-13T16:00:23","modified_gmt":"2017-11-13T21:00:23","slug":"los-precios-de-los-alimentos-bajaron-en-abril-segun-la-fao","status":"publish","type":"post","link":"https:\/\/www.un.org\/sustainabledevelopment\/es\/2017\/05\/los-precios-de-los-alimentos-bajaron-en-abril-segun-la-fao\/","title":{"rendered":"Los precios de los alimentos bajaron en abril, seg\u00fan la FAO"},"content":{"rendered":"<p>Los precios mundiales de los alimentos disminuyeron en abril arrastrados por una baja de 9,1% del az\u00facar, inform\u00f3 la Organizaci\u00f3n de la ONU para la Alimentaci\u00f3n y la Agricultura (FAO).<\/p>\n<p>De acuerdo con el \u00edndice mensual de la FAO, los precios de la comida disminuyeron 1,8% con respecto a marzo, aunque contin\u00faan un 10% m\u00e1s caros que en abril de 2016.<\/p>\n<p>La FAO explic\u00f3 que la ca\u00edda del az\u00facar se debi\u00f3 a una debilidad de la demanda mundial de importaci\u00f3n de ese producto que afect\u00f3 el gran volumen exportador de Brasil.<\/p>\n<p>Por otra parte, los precios del aceite vegetal descendieron un 3,9% ante la disminuci\u00f3n de la demanda de aceite de palma y las expectativas de cosechas abundantes de soja en Norte y Sudam\u00e9rica.<\/p>\n<p>El indicador de la FAO tambi\u00e9n marca bajas en los precios de los cereales y los l\u00e1cteos y apunta un alza en los de la carne, cuya demanda sigue aumentando en China y la Uni\u00f3n Europea.<\/p>\n<p>El \u00edndice de precios de los alimentos de la FAO mide la variaci\u00f3n mensual de los precios en el mercado internacional e incluye la media ponderada de los precios de cinco grupos principales de alimentos b\u00e1sicos.<\/p>\n<p><a href=\"http:\/\/www.un.org\/spanish\/News\/story.asp?NewsID=37249\" title=\"Los precios de los alimentos bajaron en abril, seg\u00fan la FAO\">Noticias ONU<\/a><\/p>\n","protected":false},"excerpt":{"rendered":"<p>Los precios mundiales de los alimentos disminuyeron en abril arrastrados  [&#8230;]<\/p>\n","protected":false},"author":37,"featured_media":9293,"comment_status":"closed","ping_status":"closed","sticky":false,"template":"","format":"standard","meta":{"_et_pb_use_builder":"","_et_pb_old_content":"","_et_gb_content_width":"","footnotes":""},"categories":[12],"tags":[],"class_list":["post-9287","post","type-post","status-publish","format-standard","has-post-thumbnail","hentry","category-hunger"],"_links":{"self":[{"href":"https:\/\/www.un.org\/sustainabledevelopment\/es\/wp-json\/wp\/v2\/posts\/9287","targetHints":{"allow":["GET"]}}],"collection":[{"href":"https:\/\/www.un.org\/sustainabledevelopment\/es\/wp-json\/wp\/v2\/posts"}],"about":[{"href":"https:\/\/www.un.org\/sustainabledevelopment\/es\/wp-json\/wp\/v2\/types\/post"}],"author":[{"embeddable":true,"href":"https:\/\/www.un.org\/sustainabledevelopment\/es\/wp-json\/wp\/v2\/users\/37"}],"replies":[{"embeddable":true,"href":"https:\/\/www.un.org\/sustainabledevelopment\/es\/wp-json\/wp\/v2\/comments?post=9287"}],"version-history":[{"count":0,"href":"https:\/\/www.un.org\/sustainabledevelopment\/es\/wp-json\/wp\/v2\/posts\/9287\/revisions"}],"wp:featuredmedia":[{"embeddable":true,"href":"https:\/\/www.un.org\/sustainabledevelopment\/es\/wp-json\/wp\/v2\/media\/9293"}],"wp:attachment":[{"href":"https:\/\/www.un.org\/sustainabledevelopment\/es\/wp-json\/wp\/v2\/media?parent=9287"}],"wp:term":[{"taxonomy":"category","embeddable":true,"href":"https:\/\/www.un.org\/sustainabledevelopment\/es\/wp-json\/wp\/v2\/categories?post=9287"},{"taxonomy":"post_tag","embeddable":true,"href":"https:\/\/www.un.org\/sustainabledevelopment\/es\/wp-json\/wp\/v2\/tags?post=9287"}],"curies":[{"name":"wp","href":"https:\/\/api.w.org\/{rel}","templated":true}]}}