  {"id":9380,"date":"2017-05-05T13:54:24","date_gmt":"2017-05-05T17:54:24","guid":{"rendered":"http:\/\/www.un.org\/sustainabledevelopment\/es\/?p=9380"},"modified":"2017-11-20T17:01:10","modified_gmt":"2017-11-20T22:01:10","slug":"la-sequia-en-somalia-bajo-la-lente-de-un-fotografo-humanitario","status":"publish","type":"post","link":"https:\/\/www.un.org\/sustainabledevelopment\/es\/2017\/05\/la-sequia-en-somalia-bajo-la-lente-de-un-fotografo-humanitario\/","title":{"rendered":"La sequ\u00eda en Somalia bajo la lente de un fot\u00f3grafo humanitario"},"content":{"rendered":"<div class=\"fusion-fullwidth fullwidth-box fusion-builder-row-1 hundred-percent-fullwidth non-hundred-percent-height-scrolling\" style=\"--awb-border-radius-top-left:0px;--awb-border-radius-top-right:0px;--awb-border-radius-bottom-right:0px;--awb-border-radius-bottom-left:0px;--awb-overflow:visible;--awb-flex-wrap:wrap;\" ><div class=\"fusion-builder-row fusion-row\"><div class=\"fusion-layout-column fusion_builder_column fusion-builder-column-0 fusion_builder_column_1_1 1_1 fusion-one-full fusion-column-first fusion-column-last fusion-column-no-min-height\" style=\"--awb-bg-size:cover;--awb-margin-bottom:0px;\"><div class=\"fusion-column-wrapper fusion-flex-column-wrapper-legacy\"><div class=\"fusion-text fusion-text-1\"><p>Un fot\u00f3grafo de la Organizaci\u00f3n Internacional de las Migraciones nos cuenta lo que presenci\u00f3 tras pasar un mes en las localidades m\u00e1s afectadas por la sequ\u00eda en Somalia.<\/p>\n<\/div><div class=\"fusion-clearfix\"><\/div><\/div><\/div><\/div><\/div>\n","protected":false},"excerpt":{"rendered":"","protected":false},"author":34,"featured_media":0,"comment_status":"closed","ping_status":"closed","sticky":false,"template":"","format":"video","meta":{"_et_pb_use_builder":"","_et_pb_old_content":"","_et_gb_content_width":"","footnotes":""},"categories":[47,83],"tags":[],"class_list":["post-9380","post","type-post","status-publish","format-video","hentry","category-video-bosques-desertificacion-y-biodiversidad","category-video-hambre-y-seguridad-alimentaria","post_format-post-format-video"],"_links":{"self":[{"href":"https:\/\/www.un.org\/sustainabledevelopment\/es\/wp-json\/wp\/v2\/posts\/9380","targetHints":{"allow":["GET"]}}],"collection":[{"href":"https:\/\/www.un.org\/sustainabledevelopment\/es\/wp-json\/wp\/v2\/posts"}],"about":[{"href":"https:\/\/www.un.org\/sustainabledevelopment\/es\/wp-json\/wp\/v2\/types\/post"}],"author":[{"embeddable":true,"href":"https:\/\/www.un.org\/sustainabledevelopment\/es\/wp-json\/wp\/v2\/users\/34"}],"replies":[{"embeddable":true,"href":"https:\/\/www.un.org\/sustainabledevelopment\/es\/wp-json\/wp\/v2\/comments?post=9380"}],"version-history":[{"count":0,"href":"https:\/\/www.un.org\/sustainabledevelopment\/es\/wp-json\/wp\/v2\/posts\/9380\/revisions"}],"wp:attachment":[{"href":"https:\/\/www.un.org\/sustainabledevelopment\/es\/wp-json\/wp\/v2\/media?parent=9380"}],"wp:term":[{"taxonomy":"category","embeddable":true,"href":"https:\/\/www.un.org\/sustainabledevelopment\/es\/wp-json\/wp\/v2\/categories?post=9380"},{"taxonomy":"post_tag","embeddable":true,"href":"https:\/\/www.un.org\/sustainabledevelopment\/es\/wp-json\/wp\/v2\/tags?post=9380"}],"curies":[{"name":"wp","href":"https:\/\/api.w.org\/{rel}","templated":true}]}}