  {"id":9412,"date":"2017-05-15T15:59:13","date_gmt":"2017-05-15T19:59:13","guid":{"rendered":"http:\/\/www.un.org\/sustainabledevelopment\/es\/?p=9412"},"modified":"2017-11-13T16:00:20","modified_gmt":"2017-11-13T21:00:20","slug":"el-ano-de-la-prediccion-polar-busca-mejorar-los-pronosticos-para-reducir-desastres-naturales","status":"publish","type":"post","link":"https:\/\/www.un.org\/sustainabledevelopment\/es\/2017\/05\/el-ano-de-la-prediccion-polar-busca-mejorar-los-pronosticos-para-reducir-desastres-naturales\/","title":{"rendered":"\u00abEl a\u00f1o de la predicci\u00f3n polar\u00bb busca mejorar los pron\u00f3sticos para reducir desastres naturales"},"content":{"rendered":"<p>La Organizaci\u00f3n Meteorol\u00f3gica Mundial (OMM) anunci\u00f3 hoy una campa\u00f1a internacional para mejorar las predicciones de las condiciones meteorol\u00f3gicas, clim\u00e1ticas y del hielo en el \u00c1rtico y la Ant\u00e1rtica.<\/p>\n<p>El objetivo es disminuir los riesgos ambientales y los asociados al impacto del cambio clim\u00e1tico en las regiones polares.<\/p>\n<p>La iniciativa, denominada \u201cEl a\u00f1o de la predicci\u00f3n polar\u201d, tendr\u00e1 lugar desde mediados de este a\u00f1o hasta mediados de 2019 para cubrir un a\u00f1o entero el \u00c1rtico, as\u00ed como en la Ant\u00e1rtica.<\/p>\n<p>La campa\u00f1a involucra a la OMM, adem\u00e1s del Instituto Alfred Wegener de Alemania (AWI) y otras organizaciones que se dedican al tema.<\/p>\n<p>Durante los pr\u00f3ximos dos a\u00f1os, una gran red internacional e interdisciplinaria de cient\u00edficos y centros operacionales de predicci\u00f3n trabajar\u00e1n en conjunto en actividades de observaci\u00f3n en los polos.<\/p>\n<p>Los polos influyen en las condiciones clim\u00e1ticas en latitudes m\u00e1s bajas donde miles de millones de personas viven, explic\u00f3 en un comunicado el secretario general de la OMM, Petteri Taalas.<\/p>\n<p>Las masas de aire caliente del \u00c1rtico y la reducci\u00f3n de las capas de hielo afectan los oc\u00e9anos y est\u00e1n vinculados a fen\u00f3menos extremos como los periodos de fr\u00edo, las olas de calor y las sequ\u00edas en el hemisferio norte, dijo Taalas.<\/p>\n<p>La OMM se\u00f1al\u00f3 que estas regiones son las menos estudiadas y hay graves falencias en los pron\u00f3sticos de las condiciones del hielo en los polos. La falta de datos tiene un impacto en otras partes del mundo, por ello, se espera que los avances en este campo beneficien tambi\u00e9n a las zonas densamente pobladas del planeta.<\/p>\n<p>&nbsp;<\/p>\n<p><a title=\"\u201cEl a\u00f1o de la predicci\u00f3n polar\u201d busca mejorar los pron\u00f3sticos para reducir desastres naturales\" href=\"http:\/\/www.un.org\/spanish\/News\/story.asp?NewsID=37326\">Noticias ONU<\/a><\/p>\n","protected":false},"excerpt":{"rendered":"<p>La Organizaci\u00f3n Meteorol\u00f3gica Mundial (OMM) anunci\u00f3 hoy una campa\u00f1a internacional  [&#8230;]<\/p>\n","protected":false},"author":34,"featured_media":9416,"comment_status":"closed","ping_status":"closed","sticky":false,"template":"","format":"standard","meta":{"_et_pb_use_builder":"","_et_pb_old_content":"","_et_gb_content_width":"","footnotes":""},"categories":[5],"tags":[],"class_list":["post-9412","post","type-post","status-publish","format-standard","has-post-thumbnail","hentry","category-climate-change"],"_links":{"self":[{"href":"https:\/\/www.un.org\/sustainabledevelopment\/es\/wp-json\/wp\/v2\/posts\/9412","targetHints":{"allow":["GET"]}}],"collection":[{"href":"https:\/\/www.un.org\/sustainabledevelopment\/es\/wp-json\/wp\/v2\/posts"}],"about":[{"href":"https:\/\/www.un.org\/sustainabledevelopment\/es\/wp-json\/wp\/v2\/types\/post"}],"author":[{"embeddable":true,"href":"https:\/\/www.un.org\/sustainabledevelopment\/es\/wp-json\/wp\/v2\/users\/34"}],"replies":[{"embeddable":true,"href":"https:\/\/www.un.org\/sustainabledevelopment\/es\/wp-json\/wp\/v2\/comments?post=9412"}],"version-history":[{"count":0,"href":"https:\/\/www.un.org\/sustainabledevelopment\/es\/wp-json\/wp\/v2\/posts\/9412\/revisions"}],"wp:featuredmedia":[{"embeddable":true,"href":"https:\/\/www.un.org\/sustainabledevelopment\/es\/wp-json\/wp\/v2\/media\/9416"}],"wp:attachment":[{"href":"https:\/\/www.un.org\/sustainabledevelopment\/es\/wp-json\/wp\/v2\/media?parent=9412"}],"wp:term":[{"taxonomy":"category","embeddable":true,"href":"https:\/\/www.un.org\/sustainabledevelopment\/es\/wp-json\/wp\/v2\/categories?post=9412"},{"taxonomy":"post_tag","embeddable":true,"href":"https:\/\/www.un.org\/sustainabledevelopment\/es\/wp-json\/wp\/v2\/tags?post=9412"}],"curies":[{"name":"wp","href":"https:\/\/api.w.org\/{rel}","templated":true}]}}