  {"id":9418,"date":"2017-05-15T16:38:35","date_gmt":"2017-05-15T20:38:35","guid":{"rendered":"http:\/\/www.un.org\/sustainabledevelopment\/es\/?p=9418"},"modified":"2017-11-13T16:00:20","modified_gmt":"2017-11-13T21:00:20","slug":"la-comision-economica-y-social-para-asia-y-el-pacifico-cumple-70-anos","status":"publish","type":"post","link":"https:\/\/www.un.org\/sustainabledevelopment\/es\/2017\/05\/la-comision-economica-y-social-para-asia-y-el-pacifico-cumple-70-anos\/","title":{"rendered":"La Comisi\u00f3n Econ\u00f3mica y Social para Asia y el Pac\u00edfico cumple 70 a\u00f1os"},"content":{"rendered":"<p>Este lunes comenz\u00f3 la 73\u00ba sesi\u00f3n de la Comisi\u00f3n Econ\u00f3mica y Social para Asia y el Pac\u00edfico (<a href=\"http:\/\/www.unescap.org\/\">ESCAP<\/a>). L\u00edderes y funcionarios de alto nivel de los pa\u00edses de la regi\u00f3n se re\u00fanen en Bangkok, Tailandia para debatir iniciativas para mejorar la cooperaci\u00f3n econ\u00f3mica y promover los Objetivos de Desarrollo Sostenible de la Agenda 2030 de la ONU.<\/p>\n<p>Shamshad Akhtar, Secretaria General adjunta y jefa de la ESCAP, realiz\u00f3 la apertura de la sesi\u00f3n.<\/p>\n<p>\u00abEsta fecha nos da la oportunidad de reflexionar sobre la importancia de nuestros progresos a trav\u00e9s de los a\u00f1os, pero tambi\u00e9n es el momento para recordar los desaf\u00edos que persisten\u00bb, asegur\u00f3 Aktar.<\/p>\n<p>El Secretario General Ant\u00f3nio Guterres, felicit\u00f3 a la ESCAP por su 70\u00ba aniversario a trav\u00e9s de un mensaje en video.<br \/>\n\u201cQuiero aplaudir el esfuerzo de la ESCAP para reducir la pobreza, proteger el medio ambiente y apoyar la Agenda 2030. Su esp\u00edritu de trabajar m\u00e1s all\u00e1 de las fronteras, es cr\u00edtico para apoyar el multilateralismo. Les deseo que contin\u00faen con sus \u00e9xitos al mismo tiempo que creamos un mejor futuro para la regi\u00f3n y para el mundo\u201d, dijo.<\/p>\n<p>La ESCAP fue confirmada oficialmente en 1947 para ayudar a los pa\u00edses de Asia y el Pac\u00edfico a recuperarse despu\u00e9s de la segunda guerra mundial. Actualmente trabaja con los gobiernos para mejorar las condiciones econ\u00f3micas y sociales de la regi\u00f3n y enfrentar los desaf\u00edos contempor\u00e1neos.<\/p>\n<p>\u00abEl progreso de nuestra plataforma intergubernamental ha sido substancioso para aumentar la calidad de vida de nuestra gente, a trav\u00e9s de reformas constantes, nos mantenemos firmes para ayudarles a erradicar la desigualdad y la pobreza a trav\u00e9s de la implementaci\u00f3n sostenida de los Objetivos de Desarrollo Sostenible\u00bb, agreg\u00f3 Akhtar dirigi\u00e9ndose a los l\u00edderes pol\u00edticos de la regi\u00f3n.<\/p>\n<p>Los temas m\u00e1s destacados este a\u00f1o incluyen el uso de la energ\u00eda sostenible, el desarrollo de infraestructura, el manejo y prevenci\u00f3n de desastres, la erradicaci\u00f3n de la pobreza y los cambios demogr\u00e1ficos.<\/p>\n<p>Entre los invitados m\u00e1s importantes se encuentran los presidentes de las Islas Marshall, Nauru y Palau y los primeros ministros de Tonga y Tuval\u00fa.<\/p>\n<p>&nbsp;<\/p>\n<p><a title=\"La ESCAP celebra sus 70 a\u00f1os\" href=\"http:\/\/www.un.org\/spanish\/News\/story.asp?NewsID=37321\">Notcias ONU<\/a><\/p>\n","protected":false},"excerpt":{"rendered":"<p>Este lunes comenz\u00f3 la 73\u00ba sesi\u00f3n de la Comisi\u00f3n Econ\u00f3mica  [&#8230;]<\/p>\n","protected":false},"author":34,"featured_media":9426,"comment_status":"closed","ping_status":"closed","sticky":false,"template":"","format":"standard","meta":{"_et_pb_use_builder":"","_et_pb_old_content":"","_et_gb_content_width":"","footnotes":""},"categories":[18,33],"tags":[],"class_list":["post-9418","post","type-post","status-publish","format-standard","has-post-thumbnail","hentry","category-partnerships","category-programa-de-desarrollo-sostenible"],"_links":{"self":[{"href":"https:\/\/www.un.org\/sustainabledevelopment\/es\/wp-json\/wp\/v2\/posts\/9418","targetHints":{"allow":["GET"]}}],"collection":[{"href":"https:\/\/www.un.org\/sustainabledevelopment\/es\/wp-json\/wp\/v2\/posts"}],"about":[{"href":"https:\/\/www.un.org\/sustainabledevelopment\/es\/wp-json\/wp\/v2\/types\/post"}],"author":[{"embeddable":true,"href":"https:\/\/www.un.org\/sustainabledevelopment\/es\/wp-json\/wp\/v2\/users\/34"}],"replies":[{"embeddable":true,"href":"https:\/\/www.un.org\/sustainabledevelopment\/es\/wp-json\/wp\/v2\/comments?post=9418"}],"version-history":[{"count":0,"href":"https:\/\/www.un.org\/sustainabledevelopment\/es\/wp-json\/wp\/v2\/posts\/9418\/revisions"}],"wp:featuredmedia":[{"embeddable":true,"href":"https:\/\/www.un.org\/sustainabledevelopment\/es\/wp-json\/wp\/v2\/media\/9426"}],"wp:attachment":[{"href":"https:\/\/www.un.org\/sustainabledevelopment\/es\/wp-json\/wp\/v2\/media?parent=9418"}],"wp:term":[{"taxonomy":"category","embeddable":true,"href":"https:\/\/www.un.org\/sustainabledevelopment\/es\/wp-json\/wp\/v2\/categories?post=9418"},{"taxonomy":"post_tag","embeddable":true,"href":"https:\/\/www.un.org\/sustainabledevelopment\/es\/wp-json\/wp\/v2\/tags?post=9418"}],"curies":[{"name":"wp","href":"https:\/\/api.w.org\/{rel}","templated":true}]}}