  {"id":9586,"date":"2017-05-30T09:46:11","date_gmt":"2017-05-30T13:46:11","guid":{"rendered":"http:\/\/www.un.org\/sustainabledevelopment\/es\/?p=9586"},"modified":"2017-11-13T16:00:17","modified_gmt":"2017-11-13T21:00:17","slug":"las-desigualdades-se-reducen-en-america-latina-pero-muy-despacio","status":"publish","type":"post","link":"https:\/\/www.un.org\/sustainabledevelopment\/es\/2017\/05\/las-desigualdades-se-reducen-en-america-latina-pero-muy-despacio\/","title":{"rendered":"Las desigualdades se reducen en Am\u00e9rica Latina, pero muy despacio"},"content":{"rendered":"<p>La desigualdad en la distribuci\u00f3n del ingreso en Am\u00e9rica Latina disminuy\u00f3 entre los a\u00f1os 2008 y 2015 gracias a que los pa\u00edses priorizaron el desarrollo social.<\/p>\n<p>Entre esas medidas figuran el incentivo del empleo formal, el aumento de los salarios m\u00ednimos y el incremento de las transferencias de dinero a los estratos de menores ingresos.<\/p>\n<p>No obstante, el ritmo de descenso de la desigualdad fue m\u00e1s lento entre 2012 y 2015, con lo cual los niveles para lograr un desarrollo sostenible son insuficientes, alerta hoy un informe de la Comisi\u00f3n Econ\u00f3mica para Am\u00e9rica Latina y el Caribe (CEPAL).<\/p>\n<p>Ese \u00edndice se redujo en un 1,2% entre 2008 y 2012; y desde entonces en un 0,6% hasta 2015.<\/p>\n<p>En el Panorama Social de Am\u00e9rica Latina, el organismo de la ONU tambi\u00e9n se refiere a las desigualdades en la ocupaci\u00f3n del tiempo de los hombres y las mujeres. Ellas invierten m\u00e1s horas de trabajo si se contabilizan las tareas dom\u00e9sticas no remuneradas: dedican un tercio de su tiempo a estas actividades, mientras que los hombres lo hacen s\u00f3lo en un 10%. Seg\u00fan el estudio, esa disparidad limita su independencia econ\u00f3mica.<\/p>\n<p>Para dar un nuevo impulso a estos esfuerzos, la CEPAL recomienda fortalecer el trabajo con salarios dignos, adem\u00e1s de universalizar la protecci\u00f3n social en todas las etapas de la vida, desde la infancia hasta la vejez.<\/p>\n<p><a title=\" Las desigualdades se reducen en Am\u00e9rica Latina, pero muy despacio\" href=\"http:\/\/www.un.org\/spanish\/News\/story.asp?NewsID=37420\">Noticias ONU<\/a><\/p>\n","protected":false},"excerpt":{"rendered":"<p>La desigualdad en la distribuci\u00f3n del ingreso en Am\u00e9rica Latina  [&#8230;]<\/p>\n","protected":false},"author":34,"featured_media":9589,"comment_status":"closed","ping_status":"closed","sticky":false,"template":"","format":"standard","meta":{"_et_pb_use_builder":"","_et_pb_old_content":"","_et_gb_content_width":"","footnotes":""},"categories":[6,13,10],"tags":[],"class_list":["post-9586","post","type-post","status-publish","format-standard","has-post-thumbnail","hentry","category-economic-growth","category-inequality","category-gender-equality"],"_links":{"self":[{"href":"https:\/\/www.un.org\/sustainabledevelopment\/es\/wp-json\/wp\/v2\/posts\/9586","targetHints":{"allow":["GET"]}}],"collection":[{"href":"https:\/\/www.un.org\/sustainabledevelopment\/es\/wp-json\/wp\/v2\/posts"}],"about":[{"href":"https:\/\/www.un.org\/sustainabledevelopment\/es\/wp-json\/wp\/v2\/types\/post"}],"author":[{"embeddable":true,"href":"https:\/\/www.un.org\/sustainabledevelopment\/es\/wp-json\/wp\/v2\/users\/34"}],"replies":[{"embeddable":true,"href":"https:\/\/www.un.org\/sustainabledevelopment\/es\/wp-json\/wp\/v2\/comments?post=9586"}],"version-history":[{"count":0,"href":"https:\/\/www.un.org\/sustainabledevelopment\/es\/wp-json\/wp\/v2\/posts\/9586\/revisions"}],"wp:featuredmedia":[{"embeddable":true,"href":"https:\/\/www.un.org\/sustainabledevelopment\/es\/wp-json\/wp\/v2\/media\/9589"}],"wp:attachment":[{"href":"https:\/\/www.un.org\/sustainabledevelopment\/es\/wp-json\/wp\/v2\/media?parent=9586"}],"wp:term":[{"taxonomy":"category","embeddable":true,"href":"https:\/\/www.un.org\/sustainabledevelopment\/es\/wp-json\/wp\/v2\/categories?post=9586"},{"taxonomy":"post_tag","embeddable":true,"href":"https:\/\/www.un.org\/sustainabledevelopment\/es\/wp-json\/wp\/v2\/tags?post=9586"}],"curies":[{"name":"wp","href":"https:\/\/api.w.org\/{rel}","templated":true}]}}