  {"id":9997,"date":"2017-07-03T12:57:58","date_gmt":"2017-07-03T16:57:58","guid":{"rendered":"http:\/\/www.un.org\/sustainabledevelopment\/es\/?p=9997"},"modified":"2017-11-13T16:00:05","modified_gmt":"2017-11-13T21:00:05","slug":"en-portugal-guterres-habla-sobre-los-desafios-para-alcanzar-la-agenda-2030","status":"publish","type":"post","link":"https:\/\/www.un.org\/sustainabledevelopment\/es\/2017\/07\/en-portugal-guterres-habla-sobre-los-desafios-para-alcanzar-la-agenda-2030\/","title":{"rendered":"En Portugal, Guterres habla sobre los desaf\u00edos para alcanzar la Agenda 2030"},"content":{"rendered":"<p>No se lograr\u00e1n las metas de desarrollo de la Agenda 2030 si no se implementan los compromisos del Acuerdo de Par\u00eds, declar\u00f3 el Secretario General de la ONU este lunes en Portugal, su pa\u00eds natal.<\/p>\n<p>Durante su discurso en la Conferencia Tidewater sobre desarrollo, Ant\u00f3nio Guterres asegur\u00f3 tambi\u00e9n que para alcanzar los Objetivos de Desarrollo Sostenible debe haber una discusi\u00f3n racional sobre movilidad humana y migraci\u00f3n segura.<\/p>\n<p>El titular de la ONU, abord\u00f3 otros temas de inter\u00e9s mundial como el desempleo.<\/p>\n<p>\u00abEl desempleo no es solamente una tragedia para los j\u00f3venes sino que representa una de las mayores amenazas a la seguridad colectiva. Un reciente estudio sobre combatientes j\u00f3venes en lugares como Iraq y Siria demostr\u00f3 que la falta de oportunidades es el factor m\u00e1s importante para que ellos se unan a la guerra\u00bb, dijo.<\/p>\n<p>En el marco del evento, Guterres se reuni\u00f3 tambi\u00e9n con el Ministro de Relaciones Exteriores de Portugal y otros oficiales importantes del pa\u00eds.<\/p>\n<p>Esta es su primera visita oficial a Lisboa desde que asumi\u00f3 el cargo de Secretario General de la ONU.<\/p>\n<p><a title=\" En Portugal, Guterres habla sobre los desaf\u00edos para alcanzar la Agenda 2030\" href=\"http:\/\/www.un.org\/spanish\/News\/story.asp?NewsID=37624\">Noticias ONU<\/a><\/p>\n","protected":false},"excerpt":{"rendered":"<p>No se lograr\u00e1n las metas de desarrollo de la Agenda  [&#8230;]<\/p>\n","protected":false},"author":34,"featured_media":9693,"comment_status":"closed","ping_status":"closed","sticky":false,"template":"","format":"standard","meta":{"_et_pb_use_builder":"","_et_pb_old_content":"","_et_gb_content_width":"","footnotes":""},"categories":[5,31],"tags":[],"class_list":["post-9997","post","type-post","status-publish","format-standard","has-post-thumbnail","hentry","category-climate-change","category-secretario-general"],"_links":{"self":[{"href":"https:\/\/www.un.org\/sustainabledevelopment\/es\/wp-json\/wp\/v2\/posts\/9997","targetHints":{"allow":["GET"]}}],"collection":[{"href":"https:\/\/www.un.org\/sustainabledevelopment\/es\/wp-json\/wp\/v2\/posts"}],"about":[{"href":"https:\/\/www.un.org\/sustainabledevelopment\/es\/wp-json\/wp\/v2\/types\/post"}],"author":[{"embeddable":true,"href":"https:\/\/www.un.org\/sustainabledevelopment\/es\/wp-json\/wp\/v2\/users\/34"}],"replies":[{"embeddable":true,"href":"https:\/\/www.un.org\/sustainabledevelopment\/es\/wp-json\/wp\/v2\/comments?post=9997"}],"version-history":[{"count":0,"href":"https:\/\/www.un.org\/sustainabledevelopment\/es\/wp-json\/wp\/v2\/posts\/9997\/revisions"}],"wp:featuredmedia":[{"embeddable":true,"href":"https:\/\/www.un.org\/sustainabledevelopment\/es\/wp-json\/wp\/v2\/media\/9693"}],"wp:attachment":[{"href":"https:\/\/www.un.org\/sustainabledevelopment\/es\/wp-json\/wp\/v2\/media?parent=9997"}],"wp:term":[{"taxonomy":"category","embeddable":true,"href":"https:\/\/www.un.org\/sustainabledevelopment\/es\/wp-json\/wp\/v2\/categories?post=9997"},{"taxonomy":"post_tag","embeddable":true,"href":"https:\/\/www.un.org\/sustainabledevelopment\/es\/wp-json\/wp\/v2\/tags?post=9997"}],"curies":[{"name":"wp","href":"https:\/\/api.w.org\/{rel}","templated":true}]}}