  {"id":1184,"date":"2015-02-23T20:07:04","date_gmt":"2015-02-23T20:07:04","guid":{"rendered":"http:\/\/www.un.org\/sustainabledevelopment\/fr\/?p=1184"},"modified":"2017-11-13T12:33:41","modified_gmt":"2017-11-13T17:33:41","slug":"lonu-souligne-limportance-des-repas-en-famille-au-moyen-dun-concours-photo","status":"publish","type":"post","link":"https:\/\/www.un.org\/sustainabledevelopment\/fr\/2015\/02\/23\/lonu-souligne-limportance-des-repas-en-famille-au-moyen-dun-concours-photo\/","title":{"rendered":"L&rsquo;ONU souligne l&rsquo;importance des repas en famille au moyen d&rsquo;un concours photo"},"content":{"rendered":"<p> La Directrice Ex\u00e9cutive du Programme Alimentaire Mondial des Nations Unies (PAM), Ertharin Cousin, et le Commissaire europ\u00e9en en charge de l&rsquo;aide humanitaire et de la gestion des crises, Christos Stylianides, ont annonc\u00e9 lundi les gagnants du concours photo qui visait \u00e0 illustrer l&rsquo;importance du \u00ab repas de famille \u00bb et de son r\u00f4le dans la r\u00e9alisation de l&rsquo;objectif de \u00ab Faim Z\u00e9ro \u00bb.<\/p>\n<p>Dans son discours au Parlement europ\u00e9en, Mme Cousin, qui inaugurait \u00e9galement une exposition photo du PAM et de l&rsquo;Union Europ\u00e9enne (UE) intitul\u00e9e \u00ab Le Repas de Famille \u2013 Qu&rsquo;est-ce qui nous rassemble ? \u00bb, a f\u00e9licit\u00e9 les photographes, qui ont su souligner l&rsquo;importance de la nourriture et de la nutrition dans la vie quotidienne, ainsi que le r\u00f4le jou\u00e9 par les familles dans le d\u00e9fi \u00ab Faim Z\u00e9ro \u00bb.<\/p>\n<p>\u00ab Ces photographies sont une source d&rsquo;inspiration car elles illustrent le r\u00f4le, simple mais essentiel, du repas de famille dans les pays et les cultures du monde entier. Mais tout le monde n&rsquo;a pas cette chance \u2013 805 millions de personnes dans le monde n&rsquo;ont pas acc\u00e8s \u00e0 assez de nourriture pour vivre une vie saine et productive. C&rsquo;est pourquoi le PAM et ses partenaires travaillent avec l&rsquo;UE pour \u00e9liminer la faim et la malnutrition chronique dans le monde entier \u00bb, a expliqu\u00e9 la Directrice Ex\u00e9cutive du dans un communiqu\u00e9 de presse.<\/p>\n<p>L&rsquo;exposition et le concours s&rsquo;inscrivent dans le cadre d&rsquo;une campagne, lanc\u00e9e l&rsquo;an dernier par le PAM et financ\u00e9e par la Direction g\u00e9n\u00e9rale de l&rsquo;aide humanitaire de la Commission europ\u00e9enne, dont le but est d&rsquo;attirer l&rsquo;attention des citoyens europ\u00e9ens sur l&rsquo;assistance alimentaire fournie par le PAM et l&rsquo;UE \u00e0 des familles vuln\u00e9rables du monde entier, et de rappeler que notre g\u00e9n\u00e9ration peut \u00e9liminer la faim. Les photos gagnantes peuvent \u00eatre vues sur http:\/\/familymeal.eu.<\/p>\n<p>Les trois gagnants du concours sont Ari Vitikainen, pour \u00ab Khauchi Papa, un repas sp\u00e9cial dans les hauts plateaux du Laos \u00bb, le Philippin Breech Asher Harani pour son \u00ab D\u00eener aux chandelles \u00bb, et Darine Ndihokubwayo dont la photo d&rsquo;enfants des rues savourant leur repas du dimanche au Burundi a re\u00e7u 175 votes en ligne.<\/p>\n<p><a href=\"https:\/\/www.un.org\/apps\/newsFr\/storyF.asp?NewsID=34318&amp;Kw1=pam&amp;Kw2=&amp;Kw3=#.VQCfxvnF9Q0\">via le Centre d&rsquo;actualit\u00e9s<a \/><\/p>\n","protected":false},"excerpt":{"rendered":"<p> La Directrice Ex\u00e9cutive du Programme Alimentaire Mondial des Nations Unies (PAM), Ertharin Cousin, et le Commissaire europ\u00e9en en charge de l&rsquo;aide humanitaire et de la gestion des crises, Christos Stylianides, ont annonc\u00e9 lundi les gagnants du concours photo qui visait \u00e0 illustrer l&rsquo;importance du \u00ab repas de famille \u00bb et de son r\u00f4le dans la r\u00e9alisation de l&rsquo;objectif de \u00ab Faim Z\u00e9ro \u00bb.<\/p>\n","protected":false},"author":136,"featured_media":1189,"comment_status":"closed","ping_status":"closed","sticky":false,"template":"","format":"standard","meta":{"_et_pb_use_builder":"","_et_pb_old_content":"","_et_gb_content_width":"","footnotes":""},"categories":[16,12],"tags":[],"class_list":["post-1184","post","type-post","status-publish","format-standard","has-post-thumbnail","hentry","category-news","category-hunger"],"_links":{"self":[{"href":"https:\/\/www.un.org\/sustainabledevelopment\/fr\/wp-json\/wp\/v2\/posts\/1184","targetHints":{"allow":["GET"]}}],"collection":[{"href":"https:\/\/www.un.org\/sustainabledevelopment\/fr\/wp-json\/wp\/v2\/posts"}],"about":[{"href":"https:\/\/www.un.org\/sustainabledevelopment\/fr\/wp-json\/wp\/v2\/types\/post"}],"author":[{"embeddable":true,"href":"https:\/\/www.un.org\/sustainabledevelopment\/fr\/wp-json\/wp\/v2\/users\/136"}],"replies":[{"embeddable":true,"href":"https:\/\/www.un.org\/sustainabledevelopment\/fr\/wp-json\/wp\/v2\/comments?post=1184"}],"version-history":[{"count":0,"href":"https:\/\/www.un.org\/sustainabledevelopment\/fr\/wp-json\/wp\/v2\/posts\/1184\/revisions"}],"wp:featuredmedia":[{"embeddable":true,"href":"https:\/\/www.un.org\/sustainabledevelopment\/fr\/wp-json\/wp\/v2\/media\/1189"}],"wp:attachment":[{"href":"https:\/\/www.un.org\/sustainabledevelopment\/fr\/wp-json\/wp\/v2\/media?parent=1184"}],"wp:term":[{"taxonomy":"category","embeddable":true,"href":"https:\/\/www.un.org\/sustainabledevelopment\/fr\/wp-json\/wp\/v2\/categories?post=1184"},{"taxonomy":"post_tag","embeddable":true,"href":"https:\/\/www.un.org\/sustainabledevelopment\/fr\/wp-json\/wp\/v2\/tags?post=1184"}],"curies":[{"name":"wp","href":"https:\/\/api.w.org\/{rel}","templated":true}]}}