  {"id":1194,"date":"2015-02-23T20:10:48","date_gmt":"2015-02-23T20:10:48","guid":{"rendered":"http:\/\/www.un.org\/sustainabledevelopment\/fr\/?p=1194"},"modified":"2017-11-13T12:33:40","modified_gmt":"2017-11-13T17:33:40","slug":"climat-ban-ki-moon-appelle-les-etats-a-tout-faire-pour-conclure-un-accord-en-2015","status":"publish","type":"post","link":"https:\/\/www.un.org\/sustainabledevelopment\/fr\/2015\/02\/23\/climat-ban-ki-moon-appelle-les-etats-a-tout-faire-pour-conclure-un-accord-en-2015\/","title":{"rendered":"Climat : Ban Ki-moon appelle les Etats \u00e0 tout faire pour conclure un accord en 2015"},"content":{"rendered":"<p> A l&rsquo;approche du prochain sommet sur le climat qui aura lieu \u00e0 Paris en d\u00e9cembre, le Secr\u00e9taire g\u00e9n\u00e9ral des Nations Unies, Ban Ki-moon, a appel\u00e9 lundi les Etats membres \u00e0 tout faire pour capitaliser sur les progr\u00e8s accomplis en 2014 afin de finaliser un accord universel sur le changement climatique.<\/p>\n<p>\u00ab L&rsquo;ann\u00e9e 2015 correspond au temps de l&rsquo;action sur la question du climat, qui culminera \u00e0 Paris en d\u00e9cembre \u00bb, a d\u00e9clar\u00e9 M. Ban dans une s\u00e9rie de remarques, \u00e0 l&rsquo;occasion d&rsquo;une r\u00e9union d&rsquo;information avec les Etats membres organis\u00e9e au si\u00e8ge des Nations Unies \u00e0 New York, dans le sillage de la 20i\u00e8me Conf\u00e9rence des Parties \u00e0 la Convention-cadre des Nations Unies sur les changements climatiques qui s&rsquo;est tenue \u00e0 Lima en d\u00e9cembre 2014.<\/p>\n<p>\u00ab C&rsquo;est l&rsquo;ann\u00e9e o\u00f9 les Etats membres, lors d&rsquo;un sommet sp\u00e9cial en septembre, adopteront un programme mondial de d\u00e9veloppement, comprenant un ensemble d&rsquo;objectifs universels \u00bb, a-t-il ajout\u00e9.<\/p>\n<p>Le chef de l&rsquo;ONU a appel\u00e9 les Etats membres \u00e0 saisir l&rsquo;opportunit\u00e9 qui leur \u00e9tait offerte de prendre des \u00ab mesures d\u00e9cisives, inclusives et transformatives \u00bb en faveur de la construction d&rsquo;un \u00ab monde plus s\u00fbr, \u00e9quitable, r\u00e9silient et habitable pour nous-m\u00eames et ceux qui viendront apr\u00e8s nous \u00bb.<\/p>\n<p>M. Ban s&rsquo;est f\u00e9licit\u00e9 des progr\u00e8s significatifs r\u00e9alis\u00e9s ces derniers mois sur la question du changement climatique, notamment lors du sommet sur le climat qu&rsquo;il a lui-m\u00eame convoqu\u00e9 en septembre 2014.<\/p>\n<p>\u00ab J&rsquo;avais d\u00e9clar\u00e9 que nous avions besoin de tout le monde. J&rsquo;ai \u00e9t\u00e9 heureux de constater que c&rsquo;est bien ce qui s&rsquo;est produit : les gouvernements ainsi que des dirigeants du monde de la finance, des affaires et de la soci\u00e9t\u00e9 civile, se sont r\u00e9unis pour annoncer de nouvelles mesures importantes susceptibles de r\u00e9duire les \u00e9missions et de renforcer la r\u00e9silience \u00bb, a dit le Secr\u00e9taire g\u00e9n\u00e9ral.<\/p>\n<p>Ce sommet a \u00e9galement catalys\u00e9 l&rsquo;\u00e9lan rendu n\u00e9cessaire dans le domaine du financement climatique, a poursuivi le chef de l&rsquo;ONU, saluant le fait que les dirigeants du secteur public et priv\u00e9 se sont alors engag\u00e9s \u00e0 mobiliser plus de 200 milliards de dollars d&rsquo;ici la fin de 2015 pour financer la r\u00e9duction des \u00e9missions de carbone et la croissance r\u00e9siliente au changement climatique.<\/p>\n<p>Prenant appui sur cet \u00e9lan, a-t-il ajout\u00e9, les Parties \u00e0 la Convention-cadre des Nations Unies sur les changements climatiques ont fait des progr\u00e8s importants \u00e0 Lima en d\u00e9cembre 2014, notamment en jetant les bases du futur accord sur le climat.<\/p>\n<p>\u00ab En 2014 \u00e9galement, les pays se sont engag\u00e9s \u00e0 financer les 10 milliards de dollars n\u00e9cessaires pour la capitalisation initiale du Fonds vert pour le climat. J&rsquo;exhorte tous les pays qui se sont engag\u00e9s \u00e0 s&rsquo;acquitter de leur contribution d\u00e8s que possible, afin que le Fonds soit pleinement op\u00e9rationnel avant Paris et en \u00e9tat de financer les projets prioritaires \u00bb, a d\u00e9clar\u00e9 M. Ban.<\/p>\n<p>\u00ab Ces avanc\u00e9es majeures en 2014 ont ouvert la voie aux succ\u00e8s de 2015. Notre d\u00e9fi est maintenant clair : finaliser un accord universel significatif sur le changement climatique \u00bb, a-t-il ajout\u00e9, pr\u00e9cisant que les pays d\u00e9velopp\u00e9s doivent d\u00e9sormais d\u00e9finir une trajectoire claire pour atteindre l&rsquo;objectif de mobiliser 100 milliards de dollars par an d&rsquo;ici 2020.<\/p>\n<p>\u00ab Si nous ne parvenons pas \u00e0 r\u00e9pondre de fa\u00e7on ad\u00e9quate au changement climatique, nous serons incapables de construire un monde source de dignit\u00e9 pour tous. Mais si nous relevons le d\u00e9fi climatique, nous accomplirons de grands progr\u00e8s dans la construction d&rsquo;un monde plus durable et \u00e9quitable \u00bb, a d\u00e9clar\u00e9 en conclusion le Secr\u00e9taire g\u00e9n\u00e9ral.<\/p>\n<p><a href=\"https:\/\/www.un.org\/apps\/newsFr\/storyF.asp?NewsID=34315&amp;Kw1=climat&amp;Kw2=&amp;Kw3=#.VQCgwPnF9Q0\">via le Centre d&rsquo;actualit\u00e9s<a \/><\/p>\n","protected":false},"excerpt":{"rendered":"<p> A l&rsquo;approche du prochain sommet sur le climat qui aura lieu \u00e0 Paris en d\u00e9cembre, le Secr\u00e9taire g\u00e9n\u00e9ral des Nations Unies, Ban Ki-moon, a appel\u00e9 lundi les Etats membres \u00e0 tout faire pour capitaliser sur les progr\u00e8s accomplis en 2014 afin de finaliser un accord universel sur le changement climatique.<\/p>\n","protected":false},"author":136,"featured_media":1199,"comment_status":"closed","ping_status":"closed","sticky":false,"template":"","format":"standard","meta":{"_et_pb_use_builder":"","_et_pb_old_content":"","_et_gb_content_width":"","footnotes":""},"categories":[16,5,34],"tags":[],"class_list":["post-1194","post","type-post","status-publish","format-standard","has-post-thumbnail","hentry","category-news","category-climate-change","category-secretaire-general"],"_links":{"self":[{"href":"https:\/\/www.un.org\/sustainabledevelopment\/fr\/wp-json\/wp\/v2\/posts\/1194","targetHints":{"allow":["GET"]}}],"collection":[{"href":"https:\/\/www.un.org\/sustainabledevelopment\/fr\/wp-json\/wp\/v2\/posts"}],"about":[{"href":"https:\/\/www.un.org\/sustainabledevelopment\/fr\/wp-json\/wp\/v2\/types\/post"}],"author":[{"embeddable":true,"href":"https:\/\/www.un.org\/sustainabledevelopment\/fr\/wp-json\/wp\/v2\/users\/136"}],"replies":[{"embeddable":true,"href":"https:\/\/www.un.org\/sustainabledevelopment\/fr\/wp-json\/wp\/v2\/comments?post=1194"}],"version-history":[{"count":0,"href":"https:\/\/www.un.org\/sustainabledevelopment\/fr\/wp-json\/wp\/v2\/posts\/1194\/revisions"}],"wp:featuredmedia":[{"embeddable":true,"href":"https:\/\/www.un.org\/sustainabledevelopment\/fr\/wp-json\/wp\/v2\/media\/1199"}],"wp:attachment":[{"href":"https:\/\/www.un.org\/sustainabledevelopment\/fr\/wp-json\/wp\/v2\/media?parent=1194"}],"wp:term":[{"taxonomy":"category","embeddable":true,"href":"https:\/\/www.un.org\/sustainabledevelopment\/fr\/wp-json\/wp\/v2\/categories?post=1194"},{"taxonomy":"post_tag","embeddable":true,"href":"https:\/\/www.un.org\/sustainabledevelopment\/fr\/wp-json\/wp\/v2\/tags?post=1194"}],"curies":[{"name":"wp","href":"https:\/\/api.w.org\/{rel}","templated":true}]}}