  {"id":1229,"date":"2015-02-27T21:04:59","date_gmt":"2015-02-27T21:04:59","guid":{"rendered":"http:\/\/www.un.org\/sustainabledevelopment\/fr\/?p=1229"},"modified":"2017-11-13T12:33:40","modified_gmt":"2017-11-13T17:33:40","slug":"au-chili-ban-ki-moon-appelle-les-femmes-a-jouer-un-role-moteur-dans-le-developpement-durable","status":"publish","type":"post","link":"https:\/\/www.un.org\/sustainabledevelopment\/fr\/2015\/02\/27\/au-chili-ban-ki-moon-appelle-les-femmes-a-jouer-un-role-moteur-dans-le-developpement-durable\/","title":{"rendered":"Au Chili, Ban Ki-moon appelle les femmes \u00e0 jouer un r\u00f4le moteur dans le d\u00e9veloppement durable"},"content":{"rendered":"<p>Lors d&rsquo;une conf\u00e9rence sur les femmes au Chili, le Secr\u00e9taire g\u00e9n\u00e9ral des Nations Unies, Ban Ki-moon, a d\u00e9clar\u00e9 vendredi que le monde devait s&rsquo;unir pour mettre fin \u00e0 la violence et \u00e0 la discrimination contre les femmes, tout en d\u00e9plorant la lenteur des progr\u00e8s r\u00e9alis\u00e9s en la mati\u00e8re durant les deux d\u00e9cennies \u00e9coul\u00e9es.<\/p>\n<p>\u00ab Nous devons travailler ensemble pour l&rsquo;autonomisation des femmes et pour accroitre les opportunit\u00e9s qui leurs sont offertes en politique, dans les affaires et partout ailleurs \u00bb, a soulign\u00e9 M. Ban \u00e0 l&rsquo;occasion d&rsquo;un \u00e9v\u00e9nement de haut niveau au Chili sur la participation des femmes aux processus de prise de d\u00e9cisions, organis\u00e9 par ONU Femmes \u00e0 Santiago du Chili.<\/p>\n<p>Pour y parvenir, des ressources doivent \u00eatre mobilis\u00e9es, ne serait-ce que parce que les investissements dans l&rsquo;\u00e9galit\u00e9 des sexes g\u00e9n\u00e8rent d&rsquo;excellents rendements pour la soci\u00e9t\u00e9, a d\u00e9clar\u00e9 M. Ban, soulignant que 2015 \u00e9tait une \u00ab ann\u00e9e cruciale \u00bb pour faire avancer ces diff\u00e9rents objectifs.<\/p>\n<p>Les remarques du Secr\u00e9taire g\u00e9n\u00e9ral intervenaient quelques jours avant la comm\u00e9moration dans le monde entier de la Journ\u00e9e internationale de la femme, le 8 mars, qui co\u00efncide cette ann\u00e9e avec le 20\u00e8me anniversaire de l&rsquo;adoption du Programme d&rsquo;action de Beijing, \u00e0 ce jour le principal \u00ab cadre international \u00bb en mati\u00e8re d&rsquo;\u00e9galit\u00e9 des sexes et d&rsquo;autonomisation des femmes.<\/p>\n<p>Cette ann\u00e9e \u00e9galement, la communaut\u00e9 internationale travaille \u00e0 l&rsquo;\u00e9tablissement d&rsquo;un nouveau programme de d\u00e9veloppement durable qui prendra appui sur les objectifs du Mill\u00e9naire pour le d\u00e9veloppement (OMD) et aidera \u00e0 fa\u00e7onner les politiques et les investissements sociaux pour la prochaine g\u00e9n\u00e9ration.<\/p>\n<p>\u00ab Je suis fermement convaincu que les femmes doivent acc\u00e9der \u00e0 des postes d\u00e9cisionnels \u00e0 tous les niveaux. Nous devons tous apporter notre contribution pour briser les murs invisibles et cr\u00e9er des opportunit\u00e9s \u00bb, a d\u00e9clar\u00e9 M. Ban. \u00ab Pour \u00eatre v\u00e9ritablement transformateur, le programme de d\u00e9veloppement pour l&rsquo;apr\u00e8s-2015 doit prioriser l&rsquo;\u00e9galit\u00e9 des sexes et l&rsquo;autonomisation des femmes. Les voix des femmes et leur pleine participation sont primordiales \u00bb.<\/p>\n<p>En marge de la conf\u00e9rence, le Secr\u00e9taire g\u00e9n\u00e9ral a rencontr\u00e9 la Pr\u00e9sidente du Chili, Michelle Bachelet, qui en 2010, fut la premi\u00e8re dirigeante d&rsquo;ONU Femmes, alors tout juste cr\u00e9\u00e9e.<\/p>\n<p>A cette occasion, M. Ban a remerci\u00e9 le gouvernement chilien pour avoir co-organis\u00e9 l&rsquo;\u00e9v\u00e8nement et a \u00e9galement f\u00e9licit\u00e9 le pays pour les diff\u00e9rentes mesures prises en faveur de l&rsquo;autonomisation des femmes.<\/p>\n<p>Le Secr\u00e9taire g\u00e9n\u00e9ral et la Pr\u00e9sidente ont par ailleurs \u00e9chang\u00e9 leurs vues sur l&rsquo;importance de l&rsquo;\u00e9galit\u00e9 des sexes dans le cadre du programme de d\u00e9veloppement pour l&rsquo;apr\u00e8s-2015. Ils ont convenu de l&rsquo;importance de r\u00e9aliser un travail pr\u00e9paratoire de qualit\u00e9 lors de Conf\u00e9rence internationale sur le financement du d\u00e9veloppement qui se tiendra du 13 au 26 juillet 2015 \u00e0 Addis-Abeba, en Ethiopie, soulignant que l&rsquo;engagement du secteur priv\u00e9 serait un des principaux facteurs de succ\u00e8s.<\/p>\n<p><a href=\"https:\/\/www.un.org\/apps\/newsFr\/storyF.asp?NewsID=34355&amp;Kw1=Chili+&amp;Kw2=&amp;Kw3=#.VQCty_nF9Q0\">via le Centre d&rsquo;actualit\u00e9s<a \/><\/p>\n","protected":false},"excerpt":{"rendered":"<p>Lors d&rsquo;une conf\u00e9rence sur les femmes au Chili, le Secr\u00e9taire g\u00e9n\u00e9ral des Nations Unies, Ban Ki-moon, a d\u00e9clar\u00e9 vendredi que le monde devait s&rsquo;unir pour mettre fin \u00e0 la violence et \u00e0 la discrimination contre les femmes, tout en d\u00e9plorant la lenteur des progr\u00e8s r\u00e9alis\u00e9s en la mati\u00e8re durant les deux d\u00e9cennies \u00e9coul\u00e9es.<\/p>\n","protected":false},"author":136,"featured_media":1234,"comment_status":"closed","ping_status":"closed","sticky":false,"template":"","format":"standard","meta":{"_et_pb_use_builder":"","_et_pb_old_content":"","_et_gb_content_width":"","footnotes":""},"categories":[16,31,10,34],"tags":[],"class_list":["post-1229","post","type-post","status-publish","format-standard","has-post-thumbnail","hentry","category-news","category-developpement-durable","category-gender-equality","category-secretaire-general"],"_links":{"self":[{"href":"https:\/\/www.un.org\/sustainabledevelopment\/fr\/wp-json\/wp\/v2\/posts\/1229","targetHints":{"allow":["GET"]}}],"collection":[{"href":"https:\/\/www.un.org\/sustainabledevelopment\/fr\/wp-json\/wp\/v2\/posts"}],"about":[{"href":"https:\/\/www.un.org\/sustainabledevelopment\/fr\/wp-json\/wp\/v2\/types\/post"}],"author":[{"embeddable":true,"href":"https:\/\/www.un.org\/sustainabledevelopment\/fr\/wp-json\/wp\/v2\/users\/136"}],"replies":[{"embeddable":true,"href":"https:\/\/www.un.org\/sustainabledevelopment\/fr\/wp-json\/wp\/v2\/comments?post=1229"}],"version-history":[{"count":0,"href":"https:\/\/www.un.org\/sustainabledevelopment\/fr\/wp-json\/wp\/v2\/posts\/1229\/revisions"}],"wp:featuredmedia":[{"embeddable":true,"href":"https:\/\/www.un.org\/sustainabledevelopment\/fr\/wp-json\/wp\/v2\/media\/1234"}],"wp:attachment":[{"href":"https:\/\/www.un.org\/sustainabledevelopment\/fr\/wp-json\/wp\/v2\/media?parent=1229"}],"wp:term":[{"taxonomy":"category","embeddable":true,"href":"https:\/\/www.un.org\/sustainabledevelopment\/fr\/wp-json\/wp\/v2\/categories?post=1229"},{"taxonomy":"post_tag","embeddable":true,"href":"https:\/\/www.un.org\/sustainabledevelopment\/fr\/wp-json\/wp\/v2\/tags?post=1229"}],"curies":[{"name":"wp","href":"https:\/\/api.w.org\/{rel}","templated":true}]}}