  {"id":1294,"date":"2015-03-08T16:53:24","date_gmt":"2015-03-08T16:53:24","guid":{"rendered":"http:\/\/www.un.org\/sustainabledevelopment\/fr\/?p=1294"},"modified":"2017-11-13T12:33:39","modified_gmt":"2017-11-13T17:33:39","slug":"lonu-appelle-a-liberer-le-pouvoir-des-femmes-pour-garantir-lavenir-de-chacun","status":"publish","type":"post","link":"https:\/\/www.un.org\/sustainabledevelopment\/fr\/2015\/03\/08\/lonu-appelle-a-liberer-le-pouvoir-des-femmes-pour-garantir-lavenir-de-chacun\/","title":{"rendered":"L&rsquo;ONU appelle \u00e0 lib\u00e9rer le pouvoir des femmes pour garantir l&rsquo;avenir de chacun"},"content":{"rendered":"<p>A l&rsquo;occasion de la Journ\u00e9e internationale de la femme qui est c\u00e9l\u00e9br\u00e9e ce dimanche 8 mars, le Secr\u00e9taire g\u00e9n\u00e9ral des Nations Unies, Ban Ki-moon, a appel\u00e9 \u00e0 permettre aux femmes de r\u00e9aliser leur potentiel afin de garantir l&rsquo;avenir de chacun.<\/p>\n<p>\u00ab En cette ann\u00e9e charni\u00e8re pour la progression de la cause des droits fondamentaux des femmes, la communaut\u00e9 internationale \u0153uvre dur afin de mettre en place un nouveau programme de d\u00e9veloppement durable, qui fasse fond sur les objectifs du Mill\u00e9naire pour le d\u00e9veloppement et \u00e9labore des politiques et des investissements sociaux pour la g\u00e9n\u00e9ration future\u201d, a soulign\u00e9 M. Ban dans un message \u00e0 l&rsquo;occasion de cette journ\u00e9e.<\/p>\n<p>\u201cAfin d&rsquo;\u00eatre r\u00e9ellement porteur de changement, le programme de d\u00e9veloppement pour l&rsquo;apr\u00e8s-2015 doit \u00e9tablir des priorit\u00e9s en mati\u00e8re d&rsquo;\u00e9galit\u00e9 des sexes et d&rsquo;autonomisation des femmes. Le monde ne pourra jamais atteindre pleinement ses objectifs si la moiti\u00e9 des habitants de la plan\u00e8te ne sont pas en mesure de r\u00e9aliser leur potentiel\u201d, a-t-il ajout\u00e9. \u201cC&rsquo;est en lib\u00e9rant le pouvoir des femmes que nous pourrons garantir l&rsquo;avenir de chacun\u201d.<\/p>\n<p>Le Secr\u00e9taire g\u00e9n\u00e9ral a particip\u00e9 dimanche \u00e0 New York \u00e0 une marche en faveur de l&rsquo;\u00e9galit\u00e9 des sexes et des droits des femmes. \u201cUne action globale est n\u00e9cessaire. Merci de votre soutien\u201d, a-t-il dit \u00e0 l&rsquo;adresse des participants \u00e0 la marche.<\/p>\n<p>Dans son message, le chef de l&rsquo;ONU a rappel\u00e9 que depuis l&rsquo;adoption de la D\u00e9claration et du Programme d&rsquo;action de Beijing en 1995, jamais autant de filles n&rsquo;avaient eu acc\u00e8s \u00e0 l&rsquo;\u00e9ducation. \u201cLe nombre de femmes qui meurent en couches a \u00e9t\u00e9 pratiquement r\u00e9duit de moiti\u00e9. Les femmes sont toujours plus nombreuses \u00e0 diriger une entreprise, un gouvernement ou une organisation internationale, avanc\u00e9es dont je ne peux que me f\u00e9liciter\u201d, a-t-il ajout\u00e9.<\/p>\n<p>\u201cDans le m\u00eame temps, \u00e0 l&rsquo;occasion de la Journ\u00e9e internationale de la femme, il nous faut admettre que les gains ont \u00e9t\u00e9 lents et in\u00e9gaux, et que nous devons en faire bien davantage pour acc\u00e9l\u00e9rer les progr\u00e8s partout\u201d, a-t-il encore dit.<\/p>\n<p>La Directrice ex\u00e9cutive d&rsquo;ONU Femmes, Phumzile Mlambo-Ngcuka, a \u00e9galement exhort\u00e9 les pays \u00e0 \u201cacc\u00e9l\u00e9rer la cadence\u201d dans l&rsquo;instauration de l&rsquo;\u00e9galit\u00e9 des sexes.<\/p>\n<p>\u201cNous exhortons nos pays \u00e0 \u00ab franchir le pas \u00bb en faveur de l&rsquo;\u00e9galit\u00e9 des sexes, et \u00e0 r\u00e9aliser des progr\u00e8s concrets d&rsquo;ici \u00e0 2020. Notre objectif consiste \u00e0 vivre dans un monde 50-50 avant 2030\u201d, a-t-elle dit dans un message. \u201cLe monde doit parvenir \u00e0 la pleine \u00e9galit\u00e9 afin que l&rsquo;humanit\u00e9 puisse prosp\u00e9rer\u201d.<\/p>\n<p>Lors d&rsquo;un d\u00e9bat de haut niveau de l&rsquo;Assembl\u00e9e g\u00e9n\u00e9rale des Nations Unies vendredi pour c\u00e9l\u00e9brer la Journ\u00e9e de la femme, la Secr\u00e9taire g\u00e9n\u00e9rale de l&rsquo;Organisation internationale de la Francophonie (OIF), Micha\u00eblle Jean, a rappel\u00e9 les souffrances des femmes et des filles \u00e0 travers le monde.<\/p>\n<p>Elle a notamment soulign\u00e9 le triste destin impos\u00e9 aux \u00e9coli\u00e8res enlev\u00e9es par le groupe extr\u00e9miste Boko Haram au Nig\u00e9ria depuis bient\u00f4t un an et \u00ab dont nous n&rsquo;avons plus la moindre trace \u00bb.<\/p>\n<p>Elle a rappel\u00e9 que la majorit\u00e9 des conflits internes, qui minent de nombreux pays depuis la fin de la guerre froide, et l&#8217;embrigadement de jeunes et de femmes et filles op\u00e9r\u00e9 \u00e0 grande \u00e9chelle par les groupes terroristes, trouvent la plupart du temps leurs racines dans les in\u00e9galit\u00e9s, les injustices et la pauvret\u00e9 persistantes.<\/p>\n<p>Mme Jean a en outre d\u00e9clar\u00e9 qu&rsquo;il n&rsquo;y a pas de d\u00e9veloppement possible sans l&rsquo;apport des femmes, qui constituent la moiti\u00e9 de l&rsquo;humanit\u00e9, et elle a not\u00e9 qu&rsquo;\u00ab exclure les femmes c&rsquo;est se condamner \u00e0 ne pas r\u00e9ussir \u00bb. L&rsquo;\u00e9galit\u00e9 entre hommes et femmes et l&rsquo;autonomisation \u00e9conomique de ces derni\u00e8res ne sont pas seulement l&rsquo;affaire des femmes, a-t-elle plaid\u00e9, ajoutant que l&rsquo;implication des hommes est \u00e0 cet \u00e9gard indispensable.<\/p>\n<p><a href=\"https:\/\/www.un.org\/apps\/newsFr\/storyF.asp?NewsID=34398#.VQHG3fnF9Q0\">via le Centre d&rsquo;actualit\u00e9s de l\u2019ONU<a \/><\/p>\n","protected":false},"excerpt":{"rendered":"<p>A l&rsquo;occasion de la Journ\u00e9e internationale de la femme qui est c\u00e9l\u00e9br\u00e9e ce dimanche 8 mars, le Secr\u00e9taire g\u00e9n\u00e9ral des Nations Unies, Ban Ki-moon, a appel\u00e9 \u00e0 permettre aux femmes de r\u00e9aliser leur potentiel afin de garantir l&rsquo;avenir de chacun.<\/p>\n","protected":false},"author":136,"featured_media":1309,"comment_status":"closed","ping_status":"closed","sticky":false,"template":"","format":"standard","meta":{"_et_pb_use_builder":"","_et_pb_old_content":"","_et_gb_content_width":"","footnotes":""},"categories":[16,10],"tags":[],"class_list":["post-1294","post","type-post","status-publish","format-standard","has-post-thumbnail","hentry","category-news","category-gender-equality"],"_links":{"self":[{"href":"https:\/\/www.un.org\/sustainabledevelopment\/fr\/wp-json\/wp\/v2\/posts\/1294","targetHints":{"allow":["GET"]}}],"collection":[{"href":"https:\/\/www.un.org\/sustainabledevelopment\/fr\/wp-json\/wp\/v2\/posts"}],"about":[{"href":"https:\/\/www.un.org\/sustainabledevelopment\/fr\/wp-json\/wp\/v2\/types\/post"}],"author":[{"embeddable":true,"href":"https:\/\/www.un.org\/sustainabledevelopment\/fr\/wp-json\/wp\/v2\/users\/136"}],"replies":[{"embeddable":true,"href":"https:\/\/www.un.org\/sustainabledevelopment\/fr\/wp-json\/wp\/v2\/comments?post=1294"}],"version-history":[{"count":0,"href":"https:\/\/www.un.org\/sustainabledevelopment\/fr\/wp-json\/wp\/v2\/posts\/1294\/revisions"}],"wp:featuredmedia":[{"embeddable":true,"href":"https:\/\/www.un.org\/sustainabledevelopment\/fr\/wp-json\/wp\/v2\/media\/1309"}],"wp:attachment":[{"href":"https:\/\/www.un.org\/sustainabledevelopment\/fr\/wp-json\/wp\/v2\/media?parent=1294"}],"wp:term":[{"taxonomy":"category","embeddable":true,"href":"https:\/\/www.un.org\/sustainabledevelopment\/fr\/wp-json\/wp\/v2\/categories?post=1294"},{"taxonomy":"post_tag","embeddable":true,"href":"https:\/\/www.un.org\/sustainabledevelopment\/fr\/wp-json\/wp\/v2\/tags?post=1294"}],"curies":[{"name":"wp","href":"https:\/\/api.w.org\/{rel}","templated":true}]}}