  {"id":13246,"date":"2019-09-23T10:39:09","date_gmt":"2019-09-23T14:39:09","guid":{"rendered":"https:\/\/news.un.org\/feed\/view\/fr\/story\/2019\/09\/1052202"},"modified":"2019-09-23T10:39:09","modified_gmt":"2019-09-23T14:39:09","slug":"sante-5-milliards-de-personnes-risquent-detre-prives-de-soins-en-2030-oms","status":"publish","type":"post","link":"https:\/\/www.un.org\/sustainabledevelopment\/fr\/2019\/09\/23\/sante-5-milliards-de-personnes-risquent-detre-prives-de-soins-en-2030-oms\/","title":{"rendered":"Sant\u00e9 : 5 milliards de personnes risquent d\u2019\u00eatre priv\u00e9s de soins en 2030 (OMS)"},"content":{"rendered":"<p>L\u2019Organisation mondiale de la sant\u00e9 (OMS) a exhort\u00e9 dimanche les pays \u00e0 investir au moins 1% suppl\u00e9mentaire de leur produit int\u00e9rieur brut (PIB) dans les soins de sant\u00e9 primaires pour \u00e9liminer les lacunes existantes dans ce domaine. <\/p>\n<p><a href=\"https:\/\/news.un.org\/feed\/view\/fr\/story\/2019\/09\/1052202\">Lisez l&rsquo;article en int\u00e9gralit\u00e9 sur ONU Info<\/a><\/p>\n","protected":false},"excerpt":{"rendered":"<p>L\u2019Organisation mondiale de la sant\u00e9 (OMS) a exhort\u00e9 dimanche les  [&#8230;]<\/p>\n","protected":false},"author":136,"featured_media":0,"comment_status":"closed","ping_status":"closed","sticky":false,"template":"","format":"standard","meta":{"_et_pb_use_builder":"","_et_pb_old_content":"","_et_gb_content_width":"","footnotes":""},"categories":[16],"tags":[],"class_list":["post-13246","post","type-post","status-publish","format-standard","hentry","category-news"],"_links":{"self":[{"href":"https:\/\/www.un.org\/sustainabledevelopment\/fr\/wp-json\/wp\/v2\/posts\/13246","targetHints":{"allow":["GET"]}}],"collection":[{"href":"https:\/\/www.un.org\/sustainabledevelopment\/fr\/wp-json\/wp\/v2\/posts"}],"about":[{"href":"https:\/\/www.un.org\/sustainabledevelopment\/fr\/wp-json\/wp\/v2\/types\/post"}],"author":[{"embeddable":true,"href":"https:\/\/www.un.org\/sustainabledevelopment\/fr\/wp-json\/wp\/v2\/users\/136"}],"replies":[{"embeddable":true,"href":"https:\/\/www.un.org\/sustainabledevelopment\/fr\/wp-json\/wp\/v2\/comments?post=13246"}],"version-history":[{"count":0,"href":"https:\/\/www.un.org\/sustainabledevelopment\/fr\/wp-json\/wp\/v2\/posts\/13246\/revisions"}],"wp:attachment":[{"href":"https:\/\/www.un.org\/sustainabledevelopment\/fr\/wp-json\/wp\/v2\/media?parent=13246"}],"wp:term":[{"taxonomy":"category","embeddable":true,"href":"https:\/\/www.un.org\/sustainabledevelopment\/fr\/wp-json\/wp\/v2\/categories?post=13246"},{"taxonomy":"post_tag","embeddable":true,"href":"https:\/\/www.un.org\/sustainabledevelopment\/fr\/wp-json\/wp\/v2\/tags?post=13246"}],"curies":[{"name":"wp","href":"https:\/\/api.w.org\/{rel}","templated":true}]}}