  {"id":1549,"date":"2015-03-23T15:12:04","date_gmt":"2015-03-23T15:12:04","guid":{"rendered":"http:\/\/www.un.org\/sustainabledevelopment\/fr\/?p=1549"},"modified":"2017-11-13T12:33:36","modified_gmt":"2017-11-13T17:33:36","slug":"journee-meteorologique-mondiale-lonu-appelle-a-surmonter-les-defis-climatiques","status":"publish","type":"post","link":"https:\/\/www.un.org\/sustainabledevelopment\/fr\/2015\/03\/23\/journee-meteorologique-mondiale-lonu-appelle-a-surmonter-les-defis-climatiques\/","title":{"rendered":"Journ\u00e9e m\u00e9t\u00e9orologique mondiale : l&rsquo;ONU appelle \u00e0 surmonter les d\u00e9fis climatiques"},"content":{"rendered":"<p>A l&rsquo;occasion de la Journ\u00e9e m\u00e9t\u00e9orologique mondiale qui est c\u00e9l\u00e9br\u00e9e ce lundi 23 mars, le Secr\u00e9taire g\u00e9n\u00e9ral de l&rsquo;ONU, Ban Ki-moon, a appel\u00e9 \u00e0 surmonter les d\u00e9fis climatiques alors que les conditions m\u00e9t\u00e9orologiques extr\u00eames et les changements climatiques ont des r\u00e9percussions croissantes sur la plan\u00e8te et sur le bien-\u00eatre humain.<\/p>\n<p>\u00ab Au cours des trois derni\u00e8res d\u00e9cennies, les inondations, les ondes de temp\u00eate, les s\u00e9cheresses et les feux de friches ont fait un nombre consid\u00e9rable de victimes et caus\u00e9 des pertes \u00e9conomiques massives \u00bb, a-t-il d\u00e9clar\u00e9 dans un message, soulignant que les ravages provoqu\u00e9s par le cyclone Pam \u00e0 Vanuatu ne sont que la toute derni\u00e8re illustration des effets catastrophiques que peuvent produire les ph\u00e9nom\u00e8nes climatiques extr\u00eames.<\/p>\n<p>Selon lui, att\u00e9nuer les variations climatiques et s&rsquo;y adapter est l&rsquo;un des grands d\u00e9fis de notre \u00e9poque. \u00ab Pour le relever, nous devrons disposer d&rsquo;informations fiables en temps voulu aux fins de l&rsquo;adoption de d\u00e9cisions et de mesures appropri\u00e9es, et les communiquer \u00e0 ceux qui en ont besoin, sous une forme accessible et exploitable \u00bb, a ajout\u00e9 le chef de l&rsquo;ONU.<\/p>\n<p>Au cours des 12 derniers mois, des milliers de vies ont \u00e9t\u00e9 sauv\u00e9es en Inde, aux Philippines et ailleurs gr\u00e2ce \u00e0 l&rsquo;am\u00e9lioration des pr\u00e9visions m\u00e9t\u00e9orologiques, des syst\u00e8mes d&rsquo;alerte rapide et des plans d&rsquo;\u00e9vacuation.<\/p>\n<p>Les produits et services d&rsquo;information fond\u00e9s sur les pr\u00e9visions climatiques peuvent aider \u00e0 renforcer la capacit\u00e9 de r\u00e9sistance aux changements climatiques. Tel est l&rsquo;objectif du Cadre mondial pour les services climatologiques, mis en place \u00e0 l&rsquo;initiative de l&rsquo;Organisation m\u00e9t\u00e9orologique mondiale (OMM) en collaboration avec d&rsquo;autres partenaires des Nations Unies et qui vise \u00e0 faciliter l&rsquo;utilisation d&rsquo;informations sur le climat pour r\u00e9duire les risques de catastrophe, promouvoir la s\u00e9curit\u00e9 alimentaire et hydrique et pr\u00e9server la sant\u00e9 publique.<\/p>\n<p>La semaine derni\u00e8re, la ville de Sendai a accueilli, au Japon, la troisi\u00e8me Conf\u00e9rence des Nations Unies sur la r\u00e9duction des risques de catastrophe. En juillet, la communaut\u00e9 internationale se r\u00e9unira de nouveau \u00e0 Addis-Abeba, en Ethiopie, pour examiner la question du financement du d\u00e9veloppement. Les dirigeants tiendront ensuite un sommet \u00e0 New York, en septembre, afin d&rsquo;adopter un nouveau programme de d\u00e9veloppement comprenant un ensemble d&rsquo;objectifs de d\u00e9veloppement durable. Et la communaut\u00e9 internationale a l&rsquo;ambition de conclure un accord universel sur le climat \u00e0 Paris, en d\u00e9cembre.<\/p>\n<p>\u00ab Arm\u00e9s de nos connaissances, nous sommes capables de surmonter les d\u00e9fis climatiques et de cr\u00e9er des soci\u00e9t\u00e9s plus prosp\u00e8res et plus s\u00fbres pour tous \u00bb, a conclu le Secr\u00e9taire g\u00e9n\u00e9ral.<\/p>\n<p><a href=\"https:\/\/www.un.org\/apps\/newsFr\/storyF.asp?NewsID=34474#.VRF5mo7F9Q0\">via le Centre d&rsquo;actualit\u00e9s de l&rsquo;ONU<\/a><\/p>\n","protected":false},"excerpt":{"rendered":"<p> A l&rsquo;occasion de la Journ\u00e9e m\u00e9t\u00e9orologique mondiale qui est c\u00e9l\u00e9br\u00e9e ce lundi 23 mars, le Secr\u00e9taire g\u00e9n\u00e9ral de l&rsquo;ONU, Ban Ki-moon, a appel\u00e9 \u00e0 surmonter les d\u00e9fis climatiques alors que les conditions m\u00e9t\u00e9orologiques extr\u00eames et les changements climatiques ont des r\u00e9percussions croissantes sur la plan\u00e8te et sur le bien-\u00eatre humain.<\/p>\n","protected":false},"author":136,"featured_media":1554,"comment_status":"closed","ping_status":"closed","sticky":false,"template":"","format":"standard","meta":{"_et_pb_use_builder":"","_et_pb_old_content":"","_et_gb_content_width":"","footnotes":""},"categories":[16,5],"tags":[],"class_list":["post-1549","post","type-post","status-publish","format-standard","has-post-thumbnail","hentry","category-news","category-climate-change"],"_links":{"self":[{"href":"https:\/\/www.un.org\/sustainabledevelopment\/fr\/wp-json\/wp\/v2\/posts\/1549","targetHints":{"allow":["GET"]}}],"collection":[{"href":"https:\/\/www.un.org\/sustainabledevelopment\/fr\/wp-json\/wp\/v2\/posts"}],"about":[{"href":"https:\/\/www.un.org\/sustainabledevelopment\/fr\/wp-json\/wp\/v2\/types\/post"}],"author":[{"embeddable":true,"href":"https:\/\/www.un.org\/sustainabledevelopment\/fr\/wp-json\/wp\/v2\/users\/136"}],"replies":[{"embeddable":true,"href":"https:\/\/www.un.org\/sustainabledevelopment\/fr\/wp-json\/wp\/v2\/comments?post=1549"}],"version-history":[{"count":0,"href":"https:\/\/www.un.org\/sustainabledevelopment\/fr\/wp-json\/wp\/v2\/posts\/1549\/revisions"}],"wp:featuredmedia":[{"embeddable":true,"href":"https:\/\/www.un.org\/sustainabledevelopment\/fr\/wp-json\/wp\/v2\/media\/1554"}],"wp:attachment":[{"href":"https:\/\/www.un.org\/sustainabledevelopment\/fr\/wp-json\/wp\/v2\/media?parent=1549"}],"wp:term":[{"taxonomy":"category","embeddable":true,"href":"https:\/\/www.un.org\/sustainabledevelopment\/fr\/wp-json\/wp\/v2\/categories?post=1549"},{"taxonomy":"post_tag","embeddable":true,"href":"https:\/\/www.un.org\/sustainabledevelopment\/fr\/wp-json\/wp\/v2\/tags?post=1549"}],"curies":[{"name":"wp","href":"https:\/\/api.w.org\/{rel}","templated":true}]}}