  {"id":1579,"date":"2015-03-21T15:16:46","date_gmt":"2015-03-21T15:16:46","guid":{"rendered":"http:\/\/www.un.org\/sustainabledevelopment\/fr\/?p=1579"},"modified":"2017-11-13T12:33:37","modified_gmt":"2017-11-13T17:33:37","slug":"journee-pour-lelimination-de-la-discrimination-raciale-lonu-appelle-a-tirer-les-lecons-des-tragedies-de-lhistoire","status":"publish","type":"post","link":"https:\/\/www.un.org\/sustainabledevelopment\/fr\/2015\/03\/21\/journee-pour-lelimination-de-la-discrimination-raciale-lonu-appelle-a-tirer-les-lecons-des-tragedies-de-lhistoire\/","title":{"rendered":"Journ\u00e9e pour l&rsquo;\u00e9limination de la discrimination raciale : l&rsquo;ONU appelle \u00e0 tirer les le\u00e7ons des trag\u00e9dies de l&rsquo;histoire"},"content":{"rendered":"<p>A l&rsquo;occasion de la Journ\u00e9e internationale pour l&rsquo;\u00e9limination de la discrimination raciale qui est c\u00e9l\u00e9br\u00e9e ce samedi 21 mars, le Secr\u00e9taire g\u00e9n\u00e9ral de l&rsquo;ONU, Ban Ki-moon, a appel\u00e9 \u00e0 tirer les le\u00e7ons des trag\u00e9dies de l&rsquo;histoire pour combattre le racisme aujourd&rsquo;hui.<\/p>\n<p>\u00ab Chaque jour, des personnes de tous \u00e2ges sont en proie \u00e0 la haine, \u00e0 l&rsquo;injustice et \u00e0 l&rsquo;humiliation \u00e0 cause de leur couleur de peau, de leur ascendance, de leur origine nationale ou ethnique, ou d&rsquo;autres caract\u00e9ristiques assimil\u00e9es \u00e0 l&rsquo;id\u00e9e de race. Cette discrimination est celle-l\u00e0 m\u00eame qui a motiv\u00e9 l&rsquo;oppression, la pauvret\u00e9, l&rsquo;esclavage, le g\u00e9nocide et la guerre \u00bb, a not\u00e9 M. Ban dans un message.<\/p>\n<p>Selon lui, la Journ\u00e9e internationale pour l&rsquo;\u00e9limination de la discrimination raciale offre l&rsquo;occasion de r\u00e9affirmer l&rsquo;engagement en faveur de l&rsquo;\u00e9dification d&rsquo;un monde de justice et d&rsquo;\u00e9galit\u00e9, d&rsquo;o\u00f9 la x\u00e9nophobie et l&rsquo;intol\u00e9rance auront disparu.<\/p>\n<p>\u00ab Nous devons tirer les le\u00e7ons de l&rsquo;histoire et prendre acte des ravages caus\u00e9s par la discrimination raciale. Pour ce faire, il faut pr\u00e9server avec le plus grand soin la m\u00e9moire des errements du pass\u00e9 afin de mettre notre savoir au service de la lutte contre les pr\u00e9jug\u00e9s et de l&rsquo;enseignement de la tol\u00e9rance, de la non-discrimination et du respect de la diversit\u00e9 partout et pour tous \u00bb, a-t-il soulign\u00e9.<\/p>\n<p>Cette ann\u00e9e, on c\u00e9l\u00e8bre le cinquanti\u00e8me anniversaire de la Convention internationale sur l&rsquo;\u00e9limination de toutes les formes de discrimination raciale et le d\u00e9but de la D\u00e9cennie internationale des personnes d&rsquo;ascendance africaine.<\/p>\n<p>\u00ab Depuis un demi-si\u00e8cle, la lutte contre le racisme et la discrimination raciale a fait des avanc\u00e9es. Nous avons assist\u00e9 \u00e0 la fin du colonialisme, \u00e0 l&rsquo;abolition de l&rsquo;apartheid et \u00e0 la naissance d&rsquo;un mouvement mondial en faveur de l&rsquo;\u00e9galit\u00e9. L&rsquo;histoire et l&rsquo;actualit\u00e9 montrent cependant toutes deux que, dans le monde entier, la discrimination raciale demeure un danger manifeste \u00e0 l&rsquo;\u00e9chelle individuelle et collective \u00bb, a insist\u00e9 le Secr\u00e9taire g\u00e9n\u00e9ral.<\/p>\n<p>Selon lui, il n&rsquo;est possible de construire une paix durable qu&rsquo;en respectant le principe de l&rsquo;\u00e9galit\u00e9 en droit et en dignit\u00e9 de tous les individus, sans faire de distinction en fonction de l&rsquo;appartenance ethnique, du sexe, de la religion, de l&rsquo;origine sociale ou d&rsquo;autres \u00e9l\u00e9ments identitaires.<\/p>\n<p>Il a invit\u00e9 instamment toutes les nations \u00e0 ratifier la Convention internationale sur l&rsquo;\u00e9limination de toutes les formes de discrimination raciale, \u00e0 promouvoir l&rsquo;exactitude historique et \u00e0 mettre en place des politiques et des lois \u00e0 m\u00eame d&rsquo;\u00e9liminer toutes les formes de discrimination, comme le veut la Convention.<\/p>\n<p><a href=\"https:\/\/www.un.org\/apps\/newsFr\/storyF.asp?NewsID=34468#.VRF_uY7F9Q0\">via le Centre d&rsquo;actualit\u00e9s de l&rsquo;ONU<\/a><\/p>\n","protected":false},"excerpt":{"rendered":"<p>A l&rsquo;occasion de la Journ\u00e9e internationale pour l&rsquo;\u00e9limination de la discrimination raciale qui est c\u00e9l\u00e9br\u00e9e ce samedi 21 mars, le Secr\u00e9taire g\u00e9n\u00e9ral de l&rsquo;ONU, Ban Ki-moon, a appel\u00e9 \u00e0 tirer les le\u00e7ons des trag\u00e9dies de l&rsquo;histoire pour combattre le racisme aujourd&rsquo;hui.<\/p>\n","protected":false},"author":136,"featured_media":1584,"comment_status":"closed","ping_status":"closed","sticky":false,"template":"","format":"standard","meta":{"_et_pb_use_builder":"","_et_pb_old_content":"","_et_gb_content_width":"","footnotes":""},"categories":[16,13,19],"tags":[],"class_list":["post-1579","post","type-post","status-publish","format-standard","has-post-thumbnail","hentry","category-news","category-inequality","category-peace-and-justice"],"_links":{"self":[{"href":"https:\/\/www.un.org\/sustainabledevelopment\/fr\/wp-json\/wp\/v2\/posts\/1579","targetHints":{"allow":["GET"]}}],"collection":[{"href":"https:\/\/www.un.org\/sustainabledevelopment\/fr\/wp-json\/wp\/v2\/posts"}],"about":[{"href":"https:\/\/www.un.org\/sustainabledevelopment\/fr\/wp-json\/wp\/v2\/types\/post"}],"author":[{"embeddable":true,"href":"https:\/\/www.un.org\/sustainabledevelopment\/fr\/wp-json\/wp\/v2\/users\/136"}],"replies":[{"embeddable":true,"href":"https:\/\/www.un.org\/sustainabledevelopment\/fr\/wp-json\/wp\/v2\/comments?post=1579"}],"version-history":[{"count":0,"href":"https:\/\/www.un.org\/sustainabledevelopment\/fr\/wp-json\/wp\/v2\/posts\/1579\/revisions"}],"wp:featuredmedia":[{"embeddable":true,"href":"https:\/\/www.un.org\/sustainabledevelopment\/fr\/wp-json\/wp\/v2\/media\/1584"}],"wp:attachment":[{"href":"https:\/\/www.un.org\/sustainabledevelopment\/fr\/wp-json\/wp\/v2\/media?parent=1579"}],"wp:term":[{"taxonomy":"category","embeddable":true,"href":"https:\/\/www.un.org\/sustainabledevelopment\/fr\/wp-json\/wp\/v2\/categories?post=1579"},{"taxonomy":"post_tag","embeddable":true,"href":"https:\/\/www.un.org\/sustainabledevelopment\/fr\/wp-json\/wp\/v2\/tags?post=1579"}],"curies":[{"name":"wp","href":"https:\/\/api.w.org\/{rel}","templated":true}]}}