  {"id":1619,"date":"2015-03-18T15:48:18","date_gmt":"2015-03-18T15:48:18","guid":{"rendered":"http:\/\/www.un.org\/sustainabledevelopment\/fr\/?p=1619"},"modified":"2015-03-24T15:58:45","modified_gmt":"2015-03-24T15:58:45","slug":"lenvoye-de-lonu-gordon-brown-appelle-a-mettre-fin-aux-violations-des-droits-des-enfants","status":"publish","type":"post","link":"https:\/\/www.un.org\/sustainabledevelopment\/fr\/2015\/03\/18\/lenvoye-de-lonu-gordon-brown-appelle-a-mettre-fin-aux-violations-des-droits-des-enfants\/","title":{"rendered":"L&rsquo;envoy\u00e9 de l&rsquo;ONU Gordon Brown appelle \u00e0 mettre fin aux violations des droits des enfants"},"content":{"rendered":"<p> L&rsquo;Envoy\u00e9 sp\u00e9cial des Nations Unies pour l&rsquo;\u00e9ducation, Gordon Brown, a appel\u00e9 mercredi \u00e0 \u00ab des changements fondamentaux \u00bb pour renforcer l&rsquo;engagement mondial \u00e0 d\u00e9fendre les droits des \u00e9coli\u00e8res et des \u00e9coliers \u00e0 travers le monde.<\/p>\n<p>\u00ab Aujourd&rsquo;hui, je lance un appel du fond du c\u0153ur \u00e0 la conscience du monde : nous devons nous r\u00e9veiller face aux souffrances que subissent des millions d&rsquo;enfants \u00bb, a dit M. Brown lors d&rsquo;une conf\u00e9rence de presse au si\u00e8ge des Nations Unies \u00e0 New York.<\/p>\n<p>\u00ab Il est temps pour nous de mettre fin aux infractions honteuses au droit international qui violent les droits de millions d&rsquo;enfants en appelant \u00e0 mettre fin \u00e0 la militarisation des \u00e9coles, en stoppant les enl\u00e8vements croissants d&rsquo;\u00e9coliers comme arme de guerre et en r\u00e9clamant que, m\u00eame dans les zones de conflit, des &lsquo;\u00e9coles s\u00fbres&rsquo; ad\u00e9quatement \u00e9quip\u00e9es permettent aux enfants de profiter de leur \u00e9ducation en paix \u00bb, a-t-il ajout\u00e9.<\/p>\n<p>Il a exhort\u00e9 la communaut\u00e9 internationale \u00e0 investir dans la s\u00e9curisation des \u00e9coles dans les r\u00e9gions les plus troubl\u00e9es et dangereuses dans le monde en se mettant d&rsquo;accord sur les termes d&rsquo;un nouveau Fonds humanitaire mondial pour l&rsquo;\u00e9ducation dans les situations d&rsquo;urgence ; en promettant 163 millions de dollars lors d&rsquo;une prochaine conf\u00e9rence sur l&rsquo;\u00e9ducation des r\u00e9fugi\u00e9s syriens au Liban ; et en signant la D\u00e9claration internationale sur les \u00e9coles s\u00fbres afin de prot\u00e9ger les \u00e9coles contre une utilisation militaire et des attaques.<\/p>\n<p>M. Brown a aussi annonc\u00e9 un projet au Pakistan dans le cadre du programme &lsquo;Ecoles s\u00fbres&rsquo;, qui fonctionne d\u00e9j\u00e0 au Nig\u00e9ria. Il a dit qu&rsquo;il pr\u00e9voyait d&rsquo;\u00e9tendre cette initiative au Soudan du Sud, au Liban, et \u00e0 la R\u00e9publique d\u00e9mocratique du Congo.<\/p>\n<p>M. Brown a soulign\u00e9 qu&rsquo;il avait vu par lui-m\u00eame comment les enfants sont devenus \u00ab les tragiques victimes silencieuses du conflit \u00bb lors d&rsquo;une r\u00e9cente visite au Soudan du Sud, et lors d&rsquo;autres visites au Nig\u00e9ria, au Pakistan et en RDC.<\/p>\n<p>\u00ab Nous ne pouvons plus attendre \u00bb, a-t-il ajout\u00e9. \u00ab C&rsquo;est le moment d&rsquo;agir \u00bb.<\/p>\n<p><a href=\"https:\/\/www.un.org\/apps\/newsFr\/storyF.asp?NewsID=34452#.VRGBqY7F9Q0\">via le Centre d&rsquo;actualit\u00e9s de l&rsquo;ONU<\/a><\/p>\n","protected":false},"excerpt":{"rendered":"<p> L&rsquo;Envoy\u00e9 sp\u00e9cial des Nations Unies pour l&rsquo;\u00e9ducation, Gordon Brown, a appel\u00e9 mercredi \u00e0 \u00ab des changements fondamentaux \u00bb pour renforcer l&rsquo;engagement mondial \u00e0 d\u00e9fendre les droits des \u00e9coli\u00e8res et des \u00e9coliers \u00e0 travers le monde.<\/p>\n","protected":false},"author":136,"featured_media":1629,"comment_status":"closed","ping_status":"closed","sticky":false,"template":"","format":"standard","meta":{"_et_pb_use_builder":"","_et_pb_old_content":"","_et_gb_content_width":"","footnotes":""},"categories":[16,7],"tags":[],"class_list":["post-1619","post","type-post","status-publish","format-standard","has-post-thumbnail","hentry","category-news","category-education"],"_links":{"self":[{"href":"https:\/\/www.un.org\/sustainabledevelopment\/fr\/wp-json\/wp\/v2\/posts\/1619","targetHints":{"allow":["GET"]}}],"collection":[{"href":"https:\/\/www.un.org\/sustainabledevelopment\/fr\/wp-json\/wp\/v2\/posts"}],"about":[{"href":"https:\/\/www.un.org\/sustainabledevelopment\/fr\/wp-json\/wp\/v2\/types\/post"}],"author":[{"embeddable":true,"href":"https:\/\/www.un.org\/sustainabledevelopment\/fr\/wp-json\/wp\/v2\/users\/136"}],"replies":[{"embeddable":true,"href":"https:\/\/www.un.org\/sustainabledevelopment\/fr\/wp-json\/wp\/v2\/comments?post=1619"}],"version-history":[{"count":0,"href":"https:\/\/www.un.org\/sustainabledevelopment\/fr\/wp-json\/wp\/v2\/posts\/1619\/revisions"}],"wp:featuredmedia":[{"embeddable":true,"href":"https:\/\/www.un.org\/sustainabledevelopment\/fr\/wp-json\/wp\/v2\/media\/1629"}],"wp:attachment":[{"href":"https:\/\/www.un.org\/sustainabledevelopment\/fr\/wp-json\/wp\/v2\/media?parent=1619"}],"wp:term":[{"taxonomy":"category","embeddable":true,"href":"https:\/\/www.un.org\/sustainabledevelopment\/fr\/wp-json\/wp\/v2\/categories?post=1619"},{"taxonomy":"post_tag","embeddable":true,"href":"https:\/\/www.un.org\/sustainabledevelopment\/fr\/wp-json\/wp\/v2\/tags?post=1619"}],"curies":[{"name":"wp","href":"https:\/\/api.w.org\/{rel}","templated":true}]}}