  {"id":1624,"date":"2015-03-18T15:48:22","date_gmt":"2015-03-18T15:48:22","guid":{"rendered":"http:\/\/www.un.org\/sustainabledevelopment\/fr\/?p=1624"},"modified":"2017-11-13T12:33:38","modified_gmt":"2017-11-13T17:33:38","slug":"a-sendai-la-conference-des-nations-unies-adopte-un-nouveau-cadre-pour-reduire-les-risques-de-catastrophes","status":"publish","type":"post","link":"https:\/\/www.un.org\/sustainabledevelopment\/fr\/2015\/03\/18\/a-sendai-la-conference-des-nations-unies-adopte-un-nouveau-cadre-pour-reduire-les-risques-de-catastrophes\/","title":{"rendered":"A Sendai, la Conf\u00e9rence des Nations Unies adopte un nouveau cadre pour r\u00e9duire les risques de catastrophes"},"content":{"rendered":"<p>Les repr\u00e9sentants de 187 \u00c9tats membres des Nations Unies participants \u00e0 la Conf\u00e9rence mondiale sur la r\u00e9duction des risques de catastrophes \u00e0 Sendai, au Japon, ont adopt\u00e9 mercredi le premier accord majeur du programme de d\u00e9veloppement pour l&rsquo;apr\u00e8s-2015.<\/p>\n<p>Cet accord, qui a \u00e9t\u00e9 finalis\u00e9 \u00e0 la suite de n\u00e9gociations marathon qui ont dur\u00e9 plus de 30 heures, est un nouveau cadre fixant sept cibles et quatre priorit\u00e9s d&rsquo;action dans le domaine de la r\u00e9duction des risques de catastrophes.<\/p>\n<p>\u00ab L&rsquo;adoption de ce nouveau cadre pour la r\u00e9duction des risques de catastrophe ouvre un nouveau chapitre important dans le d\u00e9veloppement durable car il \u00e9nonce clairement des objectifs et des priorit\u00e9s d&rsquo;action qui conduiront \u00e0 une r\u00e9duction substantielle des risques de catastrophes et des pertes en vies humaines et en moyens de subsistance \u00bb, a d\u00e9clar\u00e9 la chef du Bureau des Nations Unies pour la pr\u00e9vention des catastrophes, Margareta Wahlstr\u00f6m.<\/p>\n<p>\u00ab La mise en \u0153uvre du Cadre d&rsquo;action de Sendai au cours des 15 prochaines ann\u00e9es n\u00e9cessitera un engagement fort et un leadership politique et sera essentielle \u00e0 la r\u00e9alisation des futurs accords sur les objectifs de d\u00e9veloppement durable et sur le climat plus tard cette ann\u00e9e. Comme l&rsquo;a dit le Secr\u00e9taire g\u00e9n\u00e9ral de l&rsquo;ONU ici \u00e0 l&rsquo;ouverture, le d\u00e9veloppement durable commence \u00e0 Sendai \u00bb, a-t-elle ajout\u00e9.<\/p>\n<p>Le cadre d\u00e9crit sept objectifs mondiaux \u00e0 atteindre au cours des 15 prochaines ann\u00e9es : une r\u00e9duction substantielle de la mortalit\u00e9 mondiale li\u00e9e aux catastrophes ; une r\u00e9duction substantielle du nombre de personnes touch\u00e9es ; une r\u00e9duction des pertes \u00e9conomiques par rapport au PIB mondial ; une r\u00e9duction substantielle des d\u00e9g\u00e2ts caus\u00e9s aux infrastructures et de l&rsquo;interruption des services de base, notamment les \u00e9tablissements de sant\u00e9 et d&rsquo;\u00e9ducation, en cas de catastrophe ; une augmentation du nombre de pays dot\u00e9s de strat\u00e9gies nationales et locales pour r\u00e9duire les risques de catastrophe \u00e0 l&rsquo;horizon 2020 ; le renforcement de la coop\u00e9ration internationale ; et un acc\u00e8s accru aux syst\u00e8mes d&rsquo;alerte pr\u00e9coce multirisques et aux informations et \u00e9valuations sur les risques de catastrophes.<\/p>\n<p>La Pr\u00e9sidente de la Conf\u00e9rence, Eriko Yamatani, a d\u00e9clar\u00e9 que la \u00ab mise en \u0153uvre r\u00e9ussie de ce nouveau cadre se traduira par une r\u00e9duction des niveaux actuels de risques de catastrophes et permettra d&rsquo;\u00e9viter l&rsquo;apparition de nouveaux risques \u00bb.<\/p>\n<p>Plus de 6.500 personnes ont particip\u00e9 \u00e0 la Conf\u00e9rence mondiale, dont 2.800 repr\u00e9sentants de 187 gouvernements.<\/p>\n<p><a href=\"https:\/\/www.un.org\/apps\/newsFr\/storyF.asp?NewsID=34449#.VRGBp47F9Q0\">via le Centre d&rsquo;actualit\u00e9s de l&rsquo;ONU<\/a><\/p>\n","protected":false},"excerpt":{"rendered":"<p>Les repr\u00e9sentants de 187 \u00c9tats membres des Nations Unies participants \u00e0 la Conf\u00e9rence mondiale sur la r\u00e9duction des risques de catastrophes \u00e0 Sendai, au Japon, ont adopt\u00e9 mercredi le premier accord majeur du programme de d\u00e9veloppement pour l&rsquo;apr\u00e8s-2015.<\/p>\n","protected":false},"author":136,"featured_media":1639,"comment_status":"closed","ping_status":"closed","sticky":false,"template":"","format":"standard","meta":{"_et_pb_use_builder":"","_et_pb_old_content":"","_et_gb_content_width":"","footnotes":""},"categories":[16,39],"tags":[],"class_list":["post-1624","post","type-post","status-publish","format-standard","has-post-thumbnail","hentry","category-news","category-reduction-des-risques-de-catastrophe"],"_links":{"self":[{"href":"https:\/\/www.un.org\/sustainabledevelopment\/fr\/wp-json\/wp\/v2\/posts\/1624","targetHints":{"allow":["GET"]}}],"collection":[{"href":"https:\/\/www.un.org\/sustainabledevelopment\/fr\/wp-json\/wp\/v2\/posts"}],"about":[{"href":"https:\/\/www.un.org\/sustainabledevelopment\/fr\/wp-json\/wp\/v2\/types\/post"}],"author":[{"embeddable":true,"href":"https:\/\/www.un.org\/sustainabledevelopment\/fr\/wp-json\/wp\/v2\/users\/136"}],"replies":[{"embeddable":true,"href":"https:\/\/www.un.org\/sustainabledevelopment\/fr\/wp-json\/wp\/v2\/comments?post=1624"}],"version-history":[{"count":0,"href":"https:\/\/www.un.org\/sustainabledevelopment\/fr\/wp-json\/wp\/v2\/posts\/1624\/revisions"}],"wp:featuredmedia":[{"embeddable":true,"href":"https:\/\/www.un.org\/sustainabledevelopment\/fr\/wp-json\/wp\/v2\/media\/1639"}],"wp:attachment":[{"href":"https:\/\/www.un.org\/sustainabledevelopment\/fr\/wp-json\/wp\/v2\/media?parent=1624"}],"wp:term":[{"taxonomy":"category","embeddable":true,"href":"https:\/\/www.un.org\/sustainabledevelopment\/fr\/wp-json\/wp\/v2\/categories?post=1624"},{"taxonomy":"post_tag","embeddable":true,"href":"https:\/\/www.un.org\/sustainabledevelopment\/fr\/wp-json\/wp\/v2\/tags?post=1624"}],"curies":[{"name":"wp","href":"https:\/\/api.w.org\/{rel}","templated":true}]}}