  {"id":1699,"date":"2015-03-24T16:11:30","date_gmt":"2015-03-24T16:11:30","guid":{"rendered":"http:\/\/www.un.org\/sustainabledevelopment\/fr\/?p=1699"},"modified":"2017-11-13T12:33:36","modified_gmt":"2017-11-13T17:33:36","slug":"ban-ki-moon-appelle-a-eradiquer-entierement-la-tuberculose-dici-a-2035","status":"publish","type":"post","link":"https:\/\/www.un.org\/sustainabledevelopment\/fr\/2015\/03\/24\/ban-ki-moon-appelle-a-eradiquer-entierement-la-tuberculose-dici-a-2035\/","title":{"rendered":"Ban Ki-moon appelle \u00e0 \u00e9radiquer enti\u00e8rement la tuberculose d&rsquo;ici \u00e0 2035"},"content":{"rendered":"<p>A l&rsquo;occasion de la Journ\u00e9e mondiale de la tuberculose qui est c\u00e9l\u00e9br\u00e9e le 24 mars, le Secr\u00e9taire g\u00e9n\u00e9ral de l&rsquo;ONU, Ban Ki-moon, a estim\u00e9 qu&rsquo;il \u00e9tait possible non seulement d&rsquo;endiguer la propagation de la tuberculose mais aussi d&rsquo;\u00e9radiquer enti\u00e8rement, d&rsquo;ici \u00e0 2035, cette \u00e9pid\u00e9mie dont de nombreuses familles de par le monde continuent de souffrir.<\/p>\n<p>Environ 37 millions de vies ont pu \u00eatre sauv\u00e9es entre 2000 et 2013 gr\u00e2ce aux diagnostics et aux traitements de la tuberculose. \u00ab C&rsquo;est une des plus importantes victoires mondiales dans le secteur de la sant\u00e9 qui est aujourd&rsquo;hui \u00e0 port\u00e9e de main \u00bb, a insist\u00e9 le chef de l&rsquo;ONU dans un message pour cette Journ\u00e9e.<\/p>\n<p>Toutefois, la victoire est loin d&rsquo;\u00eatre assur\u00e9e, selon lui. Environ 9 millions de personnes ont contract\u00e9 la tuberculose en 2013 et 1, 5 million ont perdu la vie.<\/p>\n<p>Le chef de l&rsquo;ONU a donc engag\u00e9 les gouvernements, les communaut\u00e9s touch\u00e9es par la tuberculose et le personnel de sant\u00e9 partout dans le monde \u00ab \u00e0 redoubler d&rsquo;efforts conform\u00e9ment \u00e0 l&rsquo;ambitieuse strat\u00e9gie adopt\u00e9e \u00e0 l&rsquo;Assembl\u00e9e mondiale de la sant\u00e9 en 2014 pour en finir avec cette \u00e9pid\u00e9mie mondiale dans les 20 prochaines ann\u00e9es \u00bb.<\/p>\n<p>\u00ab En cette Journ\u00e9e mondiale de la tuberculose, sachons c\u00e9l\u00e9brer les r\u00e9sultats obtenus au cours des 15 derni\u00e8res ann\u00e9es dans la lutte contre la tuberculose en r\u00e9affirmant notre volont\u00e9 de d\u00e9barrasser le monde entier de ce fl\u00e9au d&rsquo;ici \u00e0 2035 \u00bb, a conclu le Secr\u00e9taire g\u00e9n\u00e9ral.<\/p>\n<p>L&rsquo;Organisation mondiale de la sant\u00e9 (OMS) a rappel\u00e9 pour sa part que la maladie a souvent des cons\u00e9quences \u00e9conomiques d\u00e9vastatrices pour les familles touch\u00e9es, r\u00e9duisant leur revenu annuel de 50% en moyenne et aggravant les in\u00e9galit\u00e9s existantes.<\/p>\n<p>\u00ab C&rsquo;est une question de justice sociale, fondamentale eu \u00e9gard \u00e0 notre objectif de couverture sanitaire universelle. Chaque homme, chaque femme et chaque enfant atteint de tuberculose devrait b\u00e9n\u00e9ficier d&rsquo;un acc\u00e8s \u00e9gal et sans restriction aux outils et services novateurs n\u00e9cessaires pour un diagnostic rapide, un traitement et des soins\u00bb, a d\u00e9clar\u00e9 le Dr Margaret Chan, Directeur g\u00e9n\u00e9ral de l&rsquo;OMS.<\/p>\n<p>La strat\u00e9gie de l&rsquo;OMS &lsquo;Halte \u00e0 la tuberculose&rsquo; adopt\u00e9e par les gouvernements lors de l&rsquo;Assembl\u00e9e mondiale de la Sant\u00e9 l&rsquo;ann\u00e9e derni\u00e8re a pour but de promouvoir l&rsquo;action dans trois domaines principaux : des soins et des mesures pr\u00e9ventives int\u00e9gr\u00e9s centr\u00e9s sur le patient pour tous ceux qui en ont besoin, y compris les enfants; des politiques audacieuses et des syst\u00e8mes de soutien; et une intensification de la recherche et de l&rsquo;innovation.<\/p>\n<p>La strat\u00e9gie fixe des cibles ambitieuses: une r\u00e9duction de 95% des d\u00e9c\u00e8s par tuberculose et une r\u00e9duction de 90% des cas de tuberculose d&rsquo;ici 2035. L&rsquo;une des \u00e9tapes importantes \u00e0 atteindre au cours des cinq prochaines ann\u00e9es (d&rsquo;ici 2020) est l&rsquo;\u00e9limination des co\u00fbts prohibitifs pour les malades et leur famille, ce qui pourrait se faire en rendant les soins plus accessibles et moyennant des syst\u00e8mes de protection financi\u00e8re visant \u00e0 r\u00e9duire les d\u00e9penses m\u00e9dicales et non m\u00e9dicales, ainsi que les pertes de revenu.<\/p>\n<p>La strat\u00e9gie a pour but de combattre la tuberculose parmi les groupes vuln\u00e9rables, y compris des personnes vivant avec le VIH qui contractent la tuberculose. En 2013, on estimait que 1,1 million de personnes \u00e9taient infect\u00e9es \u00e0 la fois par le VIH et la tuberculose, dont 360.000 sont d\u00e9c\u00e9d\u00e9es.<\/p>\n<p><a href=\"https:\/\/www.un.org\/apps\/newsFr\/storyF.asp?NewsID=34479#.VRQvXo7F9Q0\">Via le centre d&rsquo;actualit\u00e9s de l&rsquo;ONU<a \/><\/p>\n","protected":false},"excerpt":{"rendered":"<p>A l&rsquo;occasion de la Journ\u00e9e mondiale de la tuberculose qui est c\u00e9l\u00e9br\u00e9e le 24 mars, le Secr\u00e9taire g\u00e9n\u00e9ral de l&rsquo;ONU, Ban Ki-moon, a estim\u00e9 qu&rsquo;il \u00e9tait possible non seulement d&rsquo;endiguer la propagation de la tuberculose mais aussi d&rsquo;\u00e9radiquer enti\u00e8rement, d&rsquo;ici \u00e0 2035, cette \u00e9pid\u00e9mie dont de nombreuses familles de par le monde continuent de souffrir.<\/p>\n","protected":false},"author":136,"featured_media":1704,"comment_status":"closed","ping_status":"closed","sticky":false,"template":"","format":"standard","meta":{"_et_pb_use_builder":"","_et_pb_old_content":"","_et_gb_content_width":"","footnotes":""},"categories":[16,11,34],"tags":[],"class_list":["post-1699","post","type-post","status-publish","format-standard","has-post-thumbnail","hentry","category-news","category-health","category-secretaire-general"],"_links":{"self":[{"href":"https:\/\/www.un.org\/sustainabledevelopment\/fr\/wp-json\/wp\/v2\/posts\/1699","targetHints":{"allow":["GET"]}}],"collection":[{"href":"https:\/\/www.un.org\/sustainabledevelopment\/fr\/wp-json\/wp\/v2\/posts"}],"about":[{"href":"https:\/\/www.un.org\/sustainabledevelopment\/fr\/wp-json\/wp\/v2\/types\/post"}],"author":[{"embeddable":true,"href":"https:\/\/www.un.org\/sustainabledevelopment\/fr\/wp-json\/wp\/v2\/users\/136"}],"replies":[{"embeddable":true,"href":"https:\/\/www.un.org\/sustainabledevelopment\/fr\/wp-json\/wp\/v2\/comments?post=1699"}],"version-history":[{"count":0,"href":"https:\/\/www.un.org\/sustainabledevelopment\/fr\/wp-json\/wp\/v2\/posts\/1699\/revisions"}],"wp:featuredmedia":[{"embeddable":true,"href":"https:\/\/www.un.org\/sustainabledevelopment\/fr\/wp-json\/wp\/v2\/media\/1704"}],"wp:attachment":[{"href":"https:\/\/www.un.org\/sustainabledevelopment\/fr\/wp-json\/wp\/v2\/media?parent=1699"}],"wp:term":[{"taxonomy":"category","embeddable":true,"href":"https:\/\/www.un.org\/sustainabledevelopment\/fr\/wp-json\/wp\/v2\/categories?post=1699"},{"taxonomy":"post_tag","embeddable":true,"href":"https:\/\/www.un.org\/sustainabledevelopment\/fr\/wp-json\/wp\/v2\/tags?post=1699"}],"curies":[{"name":"wp","href":"https:\/\/api.w.org\/{rel}","templated":true}]}}