  {"id":1761,"date":"2015-03-23T16:46:45","date_gmt":"2015-03-23T16:46:45","guid":{"rendered":"http:\/\/www.un.org\/sustainabledevelopment\/fr\/?p=1761"},"modified":"2017-11-13T12:33:36","modified_gmt":"2017-11-13T17:33:36","slug":"tirant-son-inspiration-du-sommet-sur-le-climat-de-lonu-un-artiste-francais-a-brosse-100-portraits-de-chefs-detat-et-de-gouvernement-pour-les-inciter-a-agir","status":"publish","type":"post","link":"https:\/\/www.un.org\/sustainabledevelopment\/fr\/2015\/03\/23\/tirant-son-inspiration-du-sommet-sur-le-climat-de-lonu-un-artiste-francais-a-brosse-100-portraits-de-chefs-detat-et-de-gouvernement-pour-les-inciter-a-agir\/","title":{"rendered":"Tirant son inspiration du Sommet sur le climat de l\u2019ONU, un artiste fran\u00e7ais a bross\u00e9 100 portraits de chefs d\u2019\u00c9tat et de gouvernement, pour les inciter \u00e0 agir."},"content":{"rendered":"<p>L\u2019artiste fran\u00e7ais contemporain Yann Toma fait partie des rares artistes \u00e0 avoir \u00e9t\u00e9 invit\u00e9s \u00e0 participer au Sommet sur le climat qui s\u2019est tenu en 2014, \u00ab\u00a0en tant qu\u2019observateur\u00a0\u00bb. Tout au long de la journ\u00e9e, il a \u00e9cout\u00e9 les nombreux discours prononc\u00e9s par des chefs d\u2019\u00c9tat, des stars et des membres de la soci\u00e9t\u00e9 civile, qui se sont dits tous inquiets des cons\u00e9quences des changements climatiques sur la vie des\u00a0gens.<\/p>\n<p>Tandis que les intervenants prenaient la parole, M. Toma les a dessin\u00e9s, esquissant en tout 100 portraits, pour illustrer les d\u00e9clarations faites par des chefs d\u2019\u00c9tat, de hauts fonctionnaires de l\u2019ONU et des dirigeants autochtones.<\/p>\n<p>\u00ab\u00a0J\u2019ai \u00e9t\u00e9 tr\u00e8s impressionn\u00e9 par toutes ces personnes qui s\u2019\u00e9taient r\u00e9unies et appelaient \u00e0 l\u2019action\u00a0: tout en les \u00e9coutant, j\u2019ai croqu\u00e9 leurs portraits. Elles ont \u00e9t\u00e9 une grande source d\u2019inspiration\u00a0\u00bb, a d\u00e9clar\u00e9 M. Toma.<\/p>\n<p>Il a ajout\u00e9 qu\u2019il visait \u00e0 mettre c\u00f4te \u00e0 c\u00f4te diverses personnalit\u00e9s ayant exprim\u00e9 des id\u00e9es fortes, afin que chacun puisse comprendre la question sous toutes ses facettes, et faire entendre par ailleurs la voix de ceux qui sont touch\u00e9s par ce ph\u00e9nom\u00e8ne.<\/p>\n<div class=\"kiwi-tweetthis\">\n<p>Ses croquis font l\u2019objet d\u2019une exposition \u00e0 l\u2019Espace Krajcberg \u00e0 Paris, qui a \u00e9t\u00e9 inaugur\u00e9e la semaine derni\u00e8re et se poursuivra jusqu\u2019\u00e0 la fin du mois d\u2019avril. Parmi les personnes croqu\u00e9es, citons le Secr\u00e9taire g\u00e9n\u00e9ral de l\u2019ONU, Ban Ki-moon, la Secr\u00e9taire ex\u00e9cutive de la Convention<em>&#8211;<\/em>cadre des Nations Unies sur les changements climatiques, Christiana Figueres, et le Messager de la paix des Nations Unies pour la question des changements climatiques, Leonardo DiCaprio.<\/p>\n<p>Toma s\u2019est attel\u00e9 \u00e0 une grande installation dont le sujet est la Tour Eiffel, qui sera inaugur\u00e9e pendant la semaine des n\u00e9gociations sur le climat \u00e0 Paris, en d\u00e9cembre. Il cherche \u00e0 la faire activer par l\u2019\u00e9nergie humaine.<\/p>\n<p><a href=\"http:\/\/i0.wp.com\/www.un.org\/sustainabledevelopment\/wp-content\/uploads\/2015\/03\/Christina-FIGUERES.png\"><img decoding=\"async\" class=\"lazyload size-full wp-image-2849\" src=\"data:image\/gif;base64,R0lGODlhAQABAAAAACH5BAEKAAEALAAAAAABAAEAAAICTAEAOw==\" data-orig-src=\"http:\/\/i0.wp.com\/www.un.org\/sustainabledevelopment\/wp-content\/uploads\/2015\/03\/Christina-FIGUERES.png?resize=579%2C441\" alt=\"Executive Secretary of the Ä¢¹½ÊÓÆµ Framework Convention on Climate Change, Christiana Figueres, &quot;Governments are moving faster now, we need to design and implement solutions.&quot;\" \/><\/a><\/p>\n<p>&nbsp;<\/p>\n<p>La Secr\u00e9taire ex\u00e9cutive de la Convention<em>&#8211;<\/em>cadre des Nations Unies sur les changements climatiques, Christiana Figueres :\u00a0<em>\u00ab\u00a0Les gouvernements vont d\u00e9sormais plus vite, il nous faut \u00e9laborer et appliquer des solutions.\u00a0\u00bb<\/em><\/p>\n<p>&nbsp;<\/p>\n<p><a href=\"http:\/\/i0.wp.com\/www.un.org\/sustainabledevelopment\/wp-content\/uploads\/2015\/03\/Vanuatu-chief.png\"><img decoding=\"async\" class=\"lazyload wp-image-2859\" src=\"data:image\/gif;base64,R0lGODlhAQABAAAAACH5BAEKAAEALAAAAAABAAEAAAICTAEAOw==\" data-orig-src=\"http:\/\/i0.wp.com\/www.un.org\/sustainabledevelopment\/wp-content\/uploads\/2015\/03\/Vanuatu-chief.png?resize=579%2C434\" alt=\"Vanuatu Chief\" \/><\/a><\/p>\n<p>&nbsp;<\/p>\n<p>Le chef Skardu de Vanuatu :<em>\u00a0\u00ab\u00a0Ceci est un appel urgent. Vanuatu p\u00e2tit des cyclones.\u00a0\u00bb<\/em><\/p>\n<p>&nbsp;<\/p>\n<p>&nbsp;<\/p>\n<p><a href=\"http:\/\/i2.wp.com\/www.un.org\/sustainabledevelopment\/wp-content\/uploads\/2015\/03\/Leonardo-DiCaprio.png\"><img decoding=\"async\" class=\"lazyload wp-image-2854\" src=\"data:image\/gif;base64,R0lGODlhAQABAAAAACH5BAEKAAEALAAAAAABAAEAAAICTAEAOw==\" data-orig-src=\"http:\/\/i2.wp.com\/www.un.org\/sustainabledevelopment\/wp-content\/uploads\/2015\/03\/Leonardo-DiCaprio.png?resize=579%2C435\" alt=\"Actor and Messenger of Peace on Climate Change, Leonardo DiCaprio\" \/><\/a><\/p>\n<p>&nbsp;<\/p>\n<p>L\u2019acteur et messager de la paix pour la question des changements climatiques, Leonardo DiCaprio :\u00a0<em>\u00ab\u00a0Si nos \u00e9cosyst\u00e8mes s\u2019effondrent, c\u2019est parce que nous manquons de courage. Nous pouvons changer le cours de l\u2019histoire.\u00a0\u00bb<\/em><\/p>\n<p>&nbsp;<\/p>\n<p>&nbsp;<\/p>\n<p>&nbsp;<\/p>\n<p>&nbsp;<\/p>\n","protected":false},"excerpt":{"rendered":"<p>L\u2019artiste fran\u00e7ais contemporain Yann Toma fait partie des rares artistes \u00e0 avoir \u00e9t\u00e9 invit\u00e9s \u00e0 participer au Sommet sur le climat qui s\u2019est tenu en 2014, \u00ab\u00a0en tant qu\u2019observateur\u00a0\u00bb. Tout au long de la journ\u00e9e, il a \u00e9cout\u00e9 les nombreux discours prononc\u00e9s par des chefs d\u2019\u00c9tat, des stars et des membres de la soci\u00e9t\u00e9 civile, qui se sont dits tous inquiets des cons\u00e9quences des changements climatiques sur la vie des\u00a0gens.<\/p>\n","protected":false},"author":136,"featured_media":1793,"comment_status":"closed","ping_status":"closed","sticky":false,"template":"","format":"standard","meta":{"_et_pb_use_builder":"","_et_pb_old_content":"","_et_gb_content_width":"","footnotes":""},"categories":[16,5],"tags":[],"class_list":["post-1761","post","type-post","status-publish","format-standard","has-post-thumbnail","hentry","category-news","category-climate-change"],"_links":{"self":[{"href":"https:\/\/www.un.org\/sustainabledevelopment\/fr\/wp-json\/wp\/v2\/posts\/1761","targetHints":{"allow":["GET"]}}],"collection":[{"href":"https:\/\/www.un.org\/sustainabledevelopment\/fr\/wp-json\/wp\/v2\/posts"}],"about":[{"href":"https:\/\/www.un.org\/sustainabledevelopment\/fr\/wp-json\/wp\/v2\/types\/post"}],"author":[{"embeddable":true,"href":"https:\/\/www.un.org\/sustainabledevelopment\/fr\/wp-json\/wp\/v2\/users\/136"}],"replies":[{"embeddable":true,"href":"https:\/\/www.un.org\/sustainabledevelopment\/fr\/wp-json\/wp\/v2\/comments?post=1761"}],"version-history":[{"count":0,"href":"https:\/\/www.un.org\/sustainabledevelopment\/fr\/wp-json\/wp\/v2\/posts\/1761\/revisions"}],"wp:featuredmedia":[{"embeddable":true,"href":"https:\/\/www.un.org\/sustainabledevelopment\/fr\/wp-json\/wp\/v2\/media\/1793"}],"wp:attachment":[{"href":"https:\/\/www.un.org\/sustainabledevelopment\/fr\/wp-json\/wp\/v2\/media?parent=1761"}],"wp:term":[{"taxonomy":"category","embeddable":true,"href":"https:\/\/www.un.org\/sustainabledevelopment\/fr\/wp-json\/wp\/v2\/categories?post=1761"},{"taxonomy":"post_tag","embeddable":true,"href":"https:\/\/www.un.org\/sustainabledevelopment\/fr\/wp-json\/wp\/v2\/tags?post=1761"}],"curies":[{"name":"wp","href":"https:\/\/api.w.org\/{rel}","templated":true}]}}