  {"id":1769,"date":"2015-03-30T15:21:12","date_gmt":"2015-03-30T15:21:12","guid":{"rendered":"http:\/\/www.un.org\/sustainabledevelopment\/fr\/?p=1769"},"modified":"2017-11-13T12:33:35","modified_gmt":"2017-11-13T17:33:35","slug":"lonu-juge-cruciale-la-creation-demplois-decents-pour-un-developpement-durable","status":"publish","type":"post","link":"https:\/\/www.un.org\/sustainabledevelopment\/fr\/2015\/03\/30\/lonu-juge-cruciale-la-creation-demplois-decents-pour-un-developpement-durable\/","title":{"rendered":"L&rsquo;ONU juge cruciale la cr\u00e9ation d&#8217;emplois d\u00e9cents pour un d\u00e9veloppement durable"},"content":{"rendered":"<p> A l&rsquo;ouverture d&rsquo;une r\u00e9union du Conseil \u00e9conomique et social des Nations Unies (ECOSOC) consacr\u00e9e \u00e0 l&#8217;emploi, le Vice-Secr\u00e9taire g\u00e9n\u00e9ral de l&rsquo;ONU, Jan Eliasson a soulign\u00e9 lundi qu&rsquo;il ne sera possible de r\u00e9aliser un d\u00e9veloppement durable sans cr\u00e9ation d&#8217;emplois et de conditions de travail d\u00e9centes.<\/p>\n<p>\u00ab Le ch\u00f4mage et le sous-emploi restent \u00e9lev\u00e9s. Des emplois d\u00e9cents qui apportent un revenu juste, de bonnes conditions de travail, un acc\u00e8s \u00e0 la protection sociale et \u00e0 la libert\u00e9 d&rsquo;association restent hors de port\u00e9e pour trop de gens \u00bb, a d\u00e9clar\u00e9 M. Eliasson dans un discours au d\u00e9but de cette r\u00e9union qui doit durer trois jours au si\u00e8ge de l&rsquo;ONU \u00e0 New York.<\/p>\n<p>\u00ab Aujourd&rsquo;hui, trop de travailleurs, \u00e0 la fois dans les pays d\u00e9velopp\u00e9s et en d\u00e9veloppement, continuent d&rsquo;\u00eatre coinc\u00e9s dans des emplois informels et peu r\u00e9mun\u00e9r\u00e9s. En outre, les travailleurs migrants sont menac\u00e9s par l&rsquo;exploitation et la discrimination. Et les femmes gagnent moins et ont plus de risques que les hommes d&rsquo;\u00eatre recrut\u00e9es pour des emplois vuln\u00e9rables et dangereux \u00bb, a-t-il ajout\u00e9.<\/p>\n<p>Il a \u00e9galement not\u00e9 que les gens travaillant dans le secteur informel n&rsquo;ont tr\u00e8s souvent pas de protection sociale, re\u00e7oivent des salaires faibles et subissent des conditions de travail difficiles.<\/p>\n<p>\u00ab C&rsquo;est pourquoi nous devons consid\u00e9rer une protection ad\u00e9quate pour les femmes et les jeunes gens, ainsi que pour les peuples autochtones et les personnes handicap\u00e9es \u00bb, a ajout\u00e9 le Vice-Secr\u00e9taire g\u00e9n\u00e9ral.<\/p>\n<p>Selon lui, le monde est confront\u00e9 \u00e0 une crise de l&#8217;emploi et la jeunesse est la premi\u00e8re \u00e0 la subir. Environ 73 millions de jeunes gens cherchent du travail. Ils ont trois fois plus de risques d&rsquo;\u00eatre au ch\u00f4mage que les gens plus \u00e2g\u00e9s.<\/p>\n<p>\u00ab Il est imp\u00e9ratif de faire davantage d&rsquo;efforts pour cr\u00e9er des emplois pour les jeunes gens. Leur frustration est compr\u00e9hensible et fragilise la confiance dans le gouvernement et les institutions \u00bb, a dit M. Eliasson.<\/p>\n<p>Le Vice-Secr\u00e9taire g\u00e9n\u00e9ral a jug\u00e9 qu&rsquo;il fallait \u00e9galement s&rsquo;assurer que le march\u00e9 du travail assure un acc\u00e8s \u00e9gal aux femmes.<\/p>\n<p>Il a aussi jug\u00e9 n\u00e9cessaire d&rsquo;investir dans une \u00e9conomie verte tourn\u00e9e vers l&rsquo;avenir.<\/p>\n<p>\u00ab Nous ne pouvons pas r\u00e9aliser un d\u00e9veloppement durable sans faire de la cr\u00e9ation d&#8217;emplois et de conditions de travail d\u00e9centes pour tous une priorit\u00e9 dans la mise en \u0153uvre du programme de d\u00e9veloppement pour l&rsquo;apr\u00e8s 2015 \u00bb, a-t-il conclu.<\/p>\n<p><a href=\"https:\/\/www.un.org\/apps\/newsFr\/storyF.asp?NewsID=34512#.VSKkAI7F9Q0\">Via le Centre d&rsquo;actualit\u00e9s de l&rsquo;ONU<\/p>\n","protected":false},"excerpt":{"rendered":"<p>A l&rsquo;ouverture d&rsquo;une r\u00e9union du Conseil \u00e9conomique et social des  [&#8230;]<\/p>\n","protected":false},"author":136,"featured_media":1773,"comment_status":"closed","ping_status":"closed","sticky":false,"template":"","format":"standard","meta":{"_et_pb_use_builder":"","_et_pb_old_content":"","_et_gb_content_width":"","footnotes":""},"categories":[16,6,31],"tags":[],"class_list":["post-1769","post","type-post","status-publish","format-standard","has-post-thumbnail","hentry","category-news","category-economic-growth","category-developpement-durable"],"_links":{"self":[{"href":"https:\/\/www.un.org\/sustainabledevelopment\/fr\/wp-json\/wp\/v2\/posts\/1769","targetHints":{"allow":["GET"]}}],"collection":[{"href":"https:\/\/www.un.org\/sustainabledevelopment\/fr\/wp-json\/wp\/v2\/posts"}],"about":[{"href":"https:\/\/www.un.org\/sustainabledevelopment\/fr\/wp-json\/wp\/v2\/types\/post"}],"author":[{"embeddable":true,"href":"https:\/\/www.un.org\/sustainabledevelopment\/fr\/wp-json\/wp\/v2\/users\/136"}],"replies":[{"embeddable":true,"href":"https:\/\/www.un.org\/sustainabledevelopment\/fr\/wp-json\/wp\/v2\/comments?post=1769"}],"version-history":[{"count":0,"href":"https:\/\/www.un.org\/sustainabledevelopment\/fr\/wp-json\/wp\/v2\/posts\/1769\/revisions"}],"wp:featuredmedia":[{"embeddable":true,"href":"https:\/\/www.un.org\/sustainabledevelopment\/fr\/wp-json\/wp\/v2\/media\/1773"}],"wp:attachment":[{"href":"https:\/\/www.un.org\/sustainabledevelopment\/fr\/wp-json\/wp\/v2\/media?parent=1769"}],"wp:term":[{"taxonomy":"category","embeddable":true,"href":"https:\/\/www.un.org\/sustainabledevelopment\/fr\/wp-json\/wp\/v2\/categories?post=1769"},{"taxonomy":"post_tag","embeddable":true,"href":"https:\/\/www.un.org\/sustainabledevelopment\/fr\/wp-json\/wp\/v2\/tags?post=1769"}],"curies":[{"name":"wp","href":"https:\/\/api.w.org\/{rel}","templated":true}]}}