  {"id":1777,"date":"2015-03-30T15:36:09","date_gmt":"2015-03-30T15:36:09","guid":{"rendered":"http:\/\/www.un.org\/sustainabledevelopment\/fr\/?p=1777"},"modified":"2017-11-13T12:33:35","modified_gmt":"2017-11-13T17:33:35","slug":"le-vice-secretaire-general-de-lonu-appelle-a-poursuivre-les-efforts-pour-ameliorer-lacces-a-leau-dans-le-monde","status":"publish","type":"post","link":"https:\/\/www.un.org\/sustainabledevelopment\/fr\/2015\/03\/30\/le-vice-secretaire-general-de-lonu-appelle-a-poursuivre-les-efforts-pour-ameliorer-lacces-a-leau-dans-le-monde\/","title":{"rendered":"Le Vice-Secr\u00e9taire g\u00e9n\u00e9ral de l\u2019ONU appelle \u00e0 poursuivre les efforts pour am\u00e9liorer l&rsquo;acc\u00e8s \u00e0 l&rsquo;eau dans le monde"},"content":{"rendered":"<p>A l&rsquo;occasion d&rsquo;une r\u00e9union de haut-niveau de l&rsquo;Assembl\u00e9e g\u00e9n\u00e9rale des Nations Unies consacr\u00e9e \u00e0 l&rsquo;eau, le Vice-Secr\u00e9taire g\u00e9n\u00e9ral de l&rsquo;ONU, Jan Eliasson, a insist\u00e9 lundi sur la n\u00e9cessit\u00e9 de poursuivre les efforts pour accro\u00eetre le nombre de gens ayant acc\u00e8s \u00e0 de l&rsquo;eau potable.<\/p>\n<p>\u00ab L&rsquo;eau est l&rsquo;une des plus importantes priorit\u00e9s pour le d\u00e9veloppement et pour vivre dans la dignit\u00e9, et un facteur important pour maintenir la paix et la s\u00e9curit\u00e9 \u00bb, a dit M. Eliasson dans un discours devant l&rsquo;Assembl\u00e9e g\u00e9n\u00e9rale.<\/p>\n<p>D&rsquo;ici \u00e0 2015, deux-tiers de la population mondiale pourrait vivre dans des conditions de stress hydrique. D&rsquo;ici \u00e0 2050, la demande mondiale en eau augmentera de 40%, a rappel\u00e9 le Vice-Secr\u00e9taire g\u00e9n\u00e9ral.<\/p>\n<p>\u00ab Un milliard de gens sont toujours oblig\u00e9s de d\u00e9f\u00e9quer en plein air et 2,5 milliards de gens n&rsquo;ont pas un acc\u00e8s ad\u00e9quat \u00e0 l&rsquo;assainissement. Leur sant\u00e9 et leur dignit\u00e9 sont en jeu \u00bb, a-t-il d\u00e9clar\u00e9.<\/p>\n<p>Il a rappel\u00e9 qu&rsquo;il a tir\u00e9 la sonnette d&rsquo;alarme de mani\u00e8re r\u00e9p\u00e9t\u00e9e concernant les dangers caus\u00e9s par l&rsquo;eau impropre \u00e0 la consommation, le mauvais assainissement et le manque d&rsquo;hygi\u00e8ne, notant que ces conditions sont l&rsquo;une des principales causes de mortalit\u00e9 infantile dans le monde.<\/p>\n<p>\u00ab Le manque d&rsquo;eau est la cause de trag\u00e9dies individuelles. Et il constitue, de plus en plus, une menace \u00e0 la paix et \u00e0 la s\u00e9curit\u00e9 internationales \u00bb, a-t-il soulign\u00e9. \u00ab La situation est terrible, mais nous savons que cela peut changer \u00bb.<\/p>\n<p>Il s&rsquo;est f\u00e9licit\u00e9 des progr\u00e8s r\u00e9alis\u00e9s, notamment la r\u00e9duction de moiti\u00e9 du nombre de gens sans acc\u00e8s \u00e0 de meilleures sources d&rsquo;eau potable. \u00ab Maintenant, nous devons acc\u00e9l\u00e9rer les mesures concernant l&rsquo;objectif du Mill\u00e9naire pour le d\u00e9veloppement en mati\u00e8re d&rsquo;assainissement \u00bb, a-t-il dit.<\/p>\n<p>Selon M. Eliasson, le succ\u00e8s de la r\u00e9union sur le climat \u00e0 Paris en d\u00e9cembre prochain pourrait avoir un fort impact sur la gestion des ressources en eau. \u00ab En r\u00e9duisant les \u00e9missions, nous r\u00e9duisons la menace d&rsquo;\u00e9v\u00e9nements m\u00e9t\u00e9orologiques extr\u00eames \u00bb, a-t-il soulign\u00e9.<\/p>\n<p>Il a not\u00e9 que les tensions augmentaient quand les communaut\u00e9s manquaient d&rsquo;eau. Il a par exemple d\u00e9nonc\u00e9 l&rsquo;exploitation par l&rsquo;EIIL, ou Daech, de l&rsquo;acc\u00e8s \u00e0 l&rsquo;eau pour contr\u00f4ler le territoire et dominer les gens. Le groupe extr\u00e9miste a coup\u00e9 l&rsquo;eau \u00e0 des villages et en a inond\u00e9 d&rsquo;autres, a-t-il indiqu\u00e9. \u00ab Nous devons tous condamner ces pratiques \u00bb, a-t-il ajout\u00e9.<\/p>\n<p>Via le <a href=\"\/apps\/newsFr\/storyF.asp?NewsID=34511#.VSKkDI7F9Q0\">Centre d&rsquo;actualit\u00e9s de l&rsquo;ONU<\/p>\n","protected":false},"excerpt":{"rendered":"<p>A l&rsquo;occasion d&rsquo;une r\u00e9union de haut-niveau de l&rsquo;Assembl\u00e9e g\u00e9n\u00e9rale des  [&#8230;]<\/p>\n","protected":false},"author":136,"featured_media":1781,"comment_status":"closed","ping_status":"closed","sticky":false,"template":"","format":"standard","meta":{"_et_pb_use_builder":"","_et_pb_old_content":"","_et_gb_content_width":"","footnotes":""},"categories":[16,23],"tags":[],"class_list":["post-1777","post","type-post","status-publish","format-standard","has-post-thumbnail","hentry","category-news","category-water-and-sanitation"],"_links":{"self":[{"href":"https:\/\/www.un.org\/sustainabledevelopment\/fr\/wp-json\/wp\/v2\/posts\/1777","targetHints":{"allow":["GET"]}}],"collection":[{"href":"https:\/\/www.un.org\/sustainabledevelopment\/fr\/wp-json\/wp\/v2\/posts"}],"about":[{"href":"https:\/\/www.un.org\/sustainabledevelopment\/fr\/wp-json\/wp\/v2\/types\/post"}],"author":[{"embeddable":true,"href":"https:\/\/www.un.org\/sustainabledevelopment\/fr\/wp-json\/wp\/v2\/users\/136"}],"replies":[{"embeddable":true,"href":"https:\/\/www.un.org\/sustainabledevelopment\/fr\/wp-json\/wp\/v2\/comments?post=1777"}],"version-history":[{"count":0,"href":"https:\/\/www.un.org\/sustainabledevelopment\/fr\/wp-json\/wp\/v2\/posts\/1777\/revisions"}],"wp:featuredmedia":[{"embeddable":true,"href":"https:\/\/www.un.org\/sustainabledevelopment\/fr\/wp-json\/wp\/v2\/media\/1781"}],"wp:attachment":[{"href":"https:\/\/www.un.org\/sustainabledevelopment\/fr\/wp-json\/wp\/v2\/media?parent=1777"}],"wp:term":[{"taxonomy":"category","embeddable":true,"href":"https:\/\/www.un.org\/sustainabledevelopment\/fr\/wp-json\/wp\/v2\/categories?post=1777"},{"taxonomy":"post_tag","embeddable":true,"href":"https:\/\/www.un.org\/sustainabledevelopment\/fr\/wp-json\/wp\/v2\/tags?post=1777"}],"curies":[{"name":"wp","href":"https:\/\/api.w.org\/{rel}","templated":true}]}}