  {"id":1886,"date":"2015-04-02T15:40:46","date_gmt":"2015-04-02T15:40:46","guid":{"rendered":"http:\/\/www.un.org\/sustainabledevelopment\/fr\/?p=1886"},"modified":"2017-11-13T12:33:34","modified_gmt":"2017-11-13T17:33:34","slug":"lonu-plaide-en-faveur-dune-plus-grande-insertion-professionnelle-des-personnes-atteintes-dautisme","status":"publish","type":"post","link":"https:\/\/www.un.org\/sustainabledevelopment\/fr\/2015\/04\/02\/lonu-plaide-en-faveur-dune-plus-grande-insertion-professionnelle-des-personnes-atteintes-dautisme\/","title":{"rendered":"L&rsquo;ONU plaide en faveur d&rsquo;une plus grande insertion professionnelle des personnes atteintes d&rsquo;autisme"},"content":{"rendered":"<p>A l&rsquo;occasion de la Journ\u00e9e mondiale de la sensibilisation \u00e0 l&rsquo;autisme, le Secr\u00e9taire g\u00e9n\u00e9ral des Nations Unies, Ban Ki-moon, a appel\u00e9 jeudi les entreprises \u00e0 prendre des engagements concrets pour employer plus de personnes atteintes de troubles du spectre autistique.<\/p>\n<p>Instaur\u00e9e en 2007 par l&rsquo;Assembl\u00e9e g\u00e9n\u00e9rale de l&rsquo;ONU \u00e0 la demande du Qatar, cette Journ\u00e9e mondiale est organis\u00e9e chaque ann\u00e9e le 2 avril dans le but de mieux informer le grand public sur les r\u00e9alit\u00e9s de ce trouble du d\u00e9veloppement.<\/p>\n<p>\u00ab Il est extr\u00eamement encourageant de constater que les troubles du spectre autistique sont de mieux en mieux connus du public et que beaucoup de ceux qui en sont atteints ont d\u00e9sormais acc\u00e8s \u00e0 des services plus complets \u00bb, s&rsquo;est f\u00e9licit\u00e9 le chef de l&rsquo;ONU dans un message rendu public pour l&rsquo;\u00e9v\u00e8nement, ajoutant que cette journ\u00e9e de sensibilisation ne doit pas seulement faire mieux comprendre cette maladie, mais \u00e9galement donner aux parents le courage d&rsquo;envisager des th\u00e9rapies pr\u00e9coces et \u00eatre l&rsquo;occasion de promouvoir la participation \u00e0 part enti\u00e8re des autistes \u00e0 la vie en soci\u00e9t\u00e9.<\/p>\n<p>\u00ab Avec l&rsquo;aide voulue, les autistes peuvent \u2013 et devraient \u2013 \u00eatre scolaris\u00e9s aux c\u00f4t\u00e9s des autres enfants. Il importe aujourd&rsquo;hui d&rsquo;offrir encore davantage de possibilit\u00e9s aux personnes souffrant de l&rsquo;autisme, y compris dans le monde du travail \u00bb, a poursuivi M. Ban.<\/p>\n<p>Sur ce dernier point, le Secr\u00e9taire g\u00e9n\u00e9ral a lanc\u00e9 un \u00ab Appel \u00e0 l&rsquo;action \u00bb en invitant les entreprises \u00e0 prendre des engagements concrets pour employer des personnes atteintes de troubles du spectre autistique et \u00e0 r\u00e9fl\u00e9chir davantage \u00e0 la mani\u00e8re dont elles per\u00e7oivent les personnes souffrant d&rsquo;autisme.<\/p>\n<p>\u00ab Pour permettre l&rsquo;av\u00e8nement d&rsquo;une soci\u00e9t\u00e9 qui soit vraiment ouverte \u00e0 tous, il faut savoir reconna\u00eetre les talents des personnes qui appartiennent au spectre de l&rsquo;autisme plut\u00f4t que de se focaliser sur leurs points faibles \u00bb, a affirm\u00e9 M. Ban, tout en d\u00e9plorant que 80% des patients souffrant d&rsquo;autisme dans le monde soient \u00e9galement sans emploi.<\/p>\n<p>\u00ab En cette Journ\u00e9e mondiale de sensibilisation \u00e0 l&rsquo;autisme, nous devons unir nos forces pour instaurer des conditions optimales qui permettent \u00e0 ceux qui souffrent de l&rsquo;autisme de contribuer eux aussi \u00e0 la r\u00e9alisation d&rsquo;un avenir juste et durable pour tous \u00bb, a conclu le Secr\u00e9taire g\u00e9n\u00e9ral.<\/p>\n<p>Via le <a href=\"https:\/\/www.un.org\/apps\/newsFr\/storyF.asp?NewsID=34527#.VS6IW_nF9Q0\">Centre d&rsquo;actualit\u00e9s de l&rsquo;ONU<\/a><\/p>\n","protected":false},"excerpt":{"rendered":"<p>A l&rsquo;occasion de la Journ\u00e9e mondiale de la sensibilisation \u00e0 l&rsquo;autisme, le Secr\u00e9taire g\u00e9n\u00e9ral des Nations Unies, Ban Ki-moon, a appel\u00e9 jeudi les entreprises \u00e0 prendre des engagements concrets pour employer plus de personnes atteintes de troubles du spectre autistique.<\/p>\n","protected":false},"author":136,"featured_media":1896,"comment_status":"closed","ping_status":"closed","sticky":false,"template":"","format":"standard","meta":{"_et_pb_use_builder":"","_et_pb_old_content":"","_et_gb_content_width":"","footnotes":""},"categories":[16,11],"tags":[],"class_list":["post-1886","post","type-post","status-publish","format-standard","has-post-thumbnail","hentry","category-news","category-health"],"_links":{"self":[{"href":"https:\/\/www.un.org\/sustainabledevelopment\/fr\/wp-json\/wp\/v2\/posts\/1886","targetHints":{"allow":["GET"]}}],"collection":[{"href":"https:\/\/www.un.org\/sustainabledevelopment\/fr\/wp-json\/wp\/v2\/posts"}],"about":[{"href":"https:\/\/www.un.org\/sustainabledevelopment\/fr\/wp-json\/wp\/v2\/types\/post"}],"author":[{"embeddable":true,"href":"https:\/\/www.un.org\/sustainabledevelopment\/fr\/wp-json\/wp\/v2\/users\/136"}],"replies":[{"embeddable":true,"href":"https:\/\/www.un.org\/sustainabledevelopment\/fr\/wp-json\/wp\/v2\/comments?post=1886"}],"version-history":[{"count":0,"href":"https:\/\/www.un.org\/sustainabledevelopment\/fr\/wp-json\/wp\/v2\/posts\/1886\/revisions"}],"wp:featuredmedia":[{"embeddable":true,"href":"https:\/\/www.un.org\/sustainabledevelopment\/fr\/wp-json\/wp\/v2\/media\/1896"}],"wp:attachment":[{"href":"https:\/\/www.un.org\/sustainabledevelopment\/fr\/wp-json\/wp\/v2\/media?parent=1886"}],"wp:term":[{"taxonomy":"category","embeddable":true,"href":"https:\/\/www.un.org\/sustainabledevelopment\/fr\/wp-json\/wp\/v2\/categories?post=1886"},{"taxonomy":"post_tag","embeddable":true,"href":"https:\/\/www.un.org\/sustainabledevelopment\/fr\/wp-json\/wp\/v2\/tags?post=1886"}],"curies":[{"name":"wp","href":"https:\/\/api.w.org\/{rel}","templated":true}]}}