  {"id":1916,"date":"2015-04-08T16:01:44","date_gmt":"2015-04-08T16:01:44","guid":{"rendered":"http:\/\/www.un.org\/sustainabledevelopment\/fr\/?p=1916"},"modified":"2015-04-15T16:05:22","modified_gmt":"2015-04-15T16:05:22","slug":"financement-du-developpement-ban-ki-moon-appelle-a-elargir-les-partenariats-avec-le-secteur-prive","status":"publish","type":"post","link":"https:\/\/www.un.org\/sustainabledevelopment\/fr\/2015\/04\/08\/financement-du-developpement-ban-ki-moon-appelle-a-elargir-les-partenariats-avec-le-secteur-prive\/","title":{"rendered":"Financement du d\u00e9veloppement : Ban Ki-moon appelle \u00e0 \u00e9largir les partenariats avec le secteur priv\u00e9"},"content":{"rendered":"<p> A l&rsquo;occasion d&rsquo;une r\u00e9union de l&rsquo;Assembl\u00e9e g\u00e9n\u00e9rale des Nations Unies consacr\u00e9e au financement du d\u00e9veloppement, le Secr\u00e9taire g\u00e9n\u00e9ral de l&rsquo;ONU, Ban Ki-moon, a appel\u00e9 mercredi \u00e0 \u00e9largir les partenariats avec le secteur priv\u00e9 et la soci\u00e9t\u00e9 civile pour tirer le meilleur parti de leurs ressources et de leurs comp\u00e9tences.<\/p>\n<p>\u00ab Le programme de d\u00e9veloppement pour l&rsquo;apr\u00e8s-2015 est ambitieux. Les besoins en financement sont \u00e9normes. On peut y r\u00e9pondre si nous travaillons ensemble \u00bb, a dit M. Ban dans un discours devant les participants de cette r\u00e9union qui doit durer deux jours et rassemble des dirigeants du secteur priv\u00e9 et de la soci\u00e9t\u00e9 civile.<\/p>\n<p>\u00ab Nous devons continuer \u00e0 \u00e9largir les partenariats avec le secteur priv\u00e9, la soci\u00e9t\u00e9 civile et les autres parties prenantes, afin de tirer parti de vos ressources et de vos comp\u00e9tences uniques \u00bb, a-t-il ajout\u00e9. \u00ab Alors que nous forgeons notre nouveau partenariat mondial pour le d\u00e9veloppement durable, votre contribution sera vitale \u00bb.<\/p>\n<p>Le Secr\u00e9taire g\u00e9n\u00e9ral a exhort\u00e9 les Etats membres des Nations Unies \u00e0 \u00e9couter attentivement les points de vue, les id\u00e9es et les propositions exprim\u00e9s lors de cette r\u00e9union.<\/p>\n<p>\u00ab Nous avons besoin de votre soutien public, de votre expertise et de votre talent pour faire d&rsquo;Addis-Abeba un succ\u00e8s et d\u00e9finir une nouvelle \u00e8re de d\u00e9veloppement durable \u00bb, a-t-il ajout\u00e9 \u00e0 l&rsquo;adresse des participants.<\/p>\n<p>La r\u00e9union de l&rsquo;Assembl\u00e9e g\u00e9n\u00e9rale va servir \u00e0 pr\u00e9parer la prochaine Conf\u00e9rence internationale sur le financement du d\u00e9veloppement, qui aura lieu \u00e0 Addis-Abeba, en Ethiopie.<\/p>\n<p>\u00ab Un r\u00e9sultat positif \u00e0 la Conf\u00e9rence d&rsquo;Addis est cruciale pour s&rsquo;assurer d&rsquo;un programme post-2015 ambitieux et d&rsquo;un accord global sur le changement climatique plus tard cette ann\u00e9e \u00bb, a soulign\u00e9 Ban Ki-moon.<\/p>\n<p>\u00ab Il faut exploiter toutes les sources de financement, publiques et priv\u00e9es, nationales et internationales. La mobilisation des ressources au niveau national sera cruciale \u00bb, a-t-il conclu.<\/p>\n","protected":false},"excerpt":{"rendered":"<p> A l&rsquo;occasion d&rsquo;une r\u00e9union de l&rsquo;Assembl\u00e9e g\u00e9n\u00e9rale des Nations Unies consacr\u00e9e au financement du d\u00e9veloppement, le Secr\u00e9taire g\u00e9n\u00e9ral de l&rsquo;ONU, Ban Ki-moon, a appel\u00e9 mercredi \u00e0 \u00e9largir les partenariats avec le secteur priv\u00e9 et la soci\u00e9t\u00e9 civile pour tirer le meilleur parti de leurs ressources et de leurs comp\u00e9tences.<\/p>\n","protected":false},"author":136,"featured_media":1921,"comment_status":"closed","ping_status":"closed","sticky":false,"template":"","format":"standard","meta":{"_et_pb_use_builder":"","_et_pb_old_content":"","_et_gb_content_width":"","footnotes":""},"categories":[16,41,46,34],"tags":[],"class_list":["post-1916","post","type-post","status-publish","format-standard","has-post-thumbnail","hentry","category-news","category-financement-du-developpement","category-objectifs-de-developpement-durable","category-secretaire-general"],"_links":{"self":[{"href":"https:\/\/www.un.org\/sustainabledevelopment\/fr\/wp-json\/wp\/v2\/posts\/1916","targetHints":{"allow":["GET"]}}],"collection":[{"href":"https:\/\/www.un.org\/sustainabledevelopment\/fr\/wp-json\/wp\/v2\/posts"}],"about":[{"href":"https:\/\/www.un.org\/sustainabledevelopment\/fr\/wp-json\/wp\/v2\/types\/post"}],"author":[{"embeddable":true,"href":"https:\/\/www.un.org\/sustainabledevelopment\/fr\/wp-json\/wp\/v2\/users\/136"}],"replies":[{"embeddable":true,"href":"https:\/\/www.un.org\/sustainabledevelopment\/fr\/wp-json\/wp\/v2\/comments?post=1916"}],"version-history":[{"count":0,"href":"https:\/\/www.un.org\/sustainabledevelopment\/fr\/wp-json\/wp\/v2\/posts\/1916\/revisions"}],"wp:featuredmedia":[{"embeddable":true,"href":"https:\/\/www.un.org\/sustainabledevelopment\/fr\/wp-json\/wp\/v2\/media\/1921"}],"wp:attachment":[{"href":"https:\/\/www.un.org\/sustainabledevelopment\/fr\/wp-json\/wp\/v2\/media?parent=1916"}],"wp:term":[{"taxonomy":"category","embeddable":true,"href":"https:\/\/www.un.org\/sustainabledevelopment\/fr\/wp-json\/wp\/v2\/categories?post=1916"},{"taxonomy":"post_tag","embeddable":true,"href":"https:\/\/www.un.org\/sustainabledevelopment\/fr\/wp-json\/wp\/v2\/tags?post=1916"}],"curies":[{"name":"wp","href":"https:\/\/api.w.org\/{rel}","templated":true}]}}