  {"id":1926,"date":"2015-04-14T16:19:36","date_gmt":"2015-04-14T16:19:36","guid":{"rendered":"http:\/\/www.un.org\/sustainabledevelopment\/fr\/?p=1926"},"modified":"2017-11-13T12:33:33","modified_gmt":"2017-11-13T17:33:33","slug":"ban-ki-moon-il-ne-peut-y-avoir-de-developpement-durable-sans-droits-de-lhomme-et-etat-de-droit","status":"publish","type":"post","link":"https:\/\/www.un.org\/sustainabledevelopment\/fr\/2015\/04\/14\/ban-ki-moon-il-ne-peut-y-avoir-de-developpement-durable-sans-droits-de-lhomme-et-etat-de-droit\/","title":{"rendered":"Ban Ki-moon : \u00ab Il ne peut y avoir de d\u00e9veloppement durable sans droits de l&rsquo;homme et \u00e9tat de droit \u00bb"},"content":{"rendered":"<p>A l&rsquo;ouverture du 13\u00e8me Congr\u00e8s des Nations Unies contre le crime dimanche \u00e0 Doha, au Qatar, le Secr\u00e9taire g\u00e9n\u00e9ral de l&rsquo;ONU, Ban Ki-moon, et d&rsquo;autres responsables de haut niveau des Nations Unies, ont affirm\u00e9 que la pr\u00e9vention du crime et la promotion de l&rsquo;\u00e9tat de droit \u00e9taient essentielles pour soutenir le d\u00e9veloppement durable.<\/p>\n<p>\u00ab Toutes les soci\u00e9t\u00e9s ont besoin de syst\u00e8mes de justice p\u00e9nale \u00e9quitables, d&rsquo;institutions efficaces et responsables, et d&rsquo;un acc\u00e8s \u00e0 la justice pour tous \u00bb, a d\u00e9clar\u00e9 M. Ban dans un discours prononc\u00e9 \u00e0 la c\u00e9r\u00e9monie d&rsquo;ouverture du Congr\u00e8s contre le crime. \u00ab Des services de s\u00e9curit\u00e9 responsable peuvent contribuer grandement \u00e0 mettre fin aux cycles de violence. Renforcer les droits juridiques aide \u00e0 lutter contre les in\u00e9galit\u00e9s \u00bb.<\/p>\n<p>\u00ab Il ne peut y avoir de d\u00e9veloppement durable sans droits de l&rsquo;homme et \u00e9tat de droit \u00bb, a ajout\u00e9 le Secr\u00e9taire g\u00e9n\u00e9ral.<\/p>\n<p>Des centaines de d\u00e9cideurs et de professionnels dans le domaine de la pr\u00e9vention du crime et la justice p\u00e9nale, ainsi que des experts du milieu universitaire, des repr\u00e9sentants d&rsquo;organisations intergouvernementales et non gouvernementales, des institutions sp\u00e9cialis\u00e9es et d&rsquo;autres organismes des Nations Unies, et les m\u00e9dias participent \u00e0 ce forum, qui se tient tous les cinq ans.<\/p>\n<p>Le Congr\u00e8s de Doha, qui se va se d\u00e9rouler jusqu&rsquo;au 19 avril, a \u00e9t\u00e9 ouvert par le Premier ministre du Qatar, Abdullah bin Nasser bin Khalifa Al Thani. Il a lieu quelques mois avant un important sommet \u00e0 New York en septembre sur le futur programme de d\u00e9veloppement mondial.<\/p>\n<p>Dimanche, le Congr\u00e8s a adopt\u00e9 la &lsquo;D\u00e9claration de Doha&rsquo;, un document politique qui met l&rsquo;accent sur des aspects importants de lutte contre la criminalit\u00e9 transnationale organis\u00e9e et sur le renforcement des syst\u00e8mes de justice p\u00e9nale et la pr\u00e9vention du crime.<\/p>\n<p>\u00ab En septembre, les \u00c9tats membres examineront un programme de d\u00e9veloppement pour l&rsquo;apr\u00e8s-2015 qui peut ouvrir la voie \u00e0 un avenir meilleur pour des milliards de personnes \u00bb, a d\u00e9clar\u00e9 M. Ban. \u00ab Pour que ce nouveau programme et ces nouveaux objectifs de d\u00e9veloppement durable r\u00e9ussissent, il faut qu&rsquo;ils refl\u00e8tent l&rsquo;aspect central de l&rsquo;\u00e9tat de droit \u00bb.<\/p>\n<p>Le Secr\u00e9taire g\u00e9n\u00e9ral de l&rsquo;ONU a soulign\u00e9 que \u00ab la coop\u00e9ration et la coordination internationales sont essentielles, en particulier dans des domaines tels que la lutte contre la criminalit\u00e9 transnationale organis\u00e9e et le terrorisme \u00bb.<\/p>\n<p>\u00ab J&rsquo;encourage tous les pays \u00e0 ratifier et mettre en oeuvre les conventions contre la drogue, la criminalit\u00e9 et la corruption, et les instruments internationaux contre le terrorisme, et \u00e0 soutenir le travail important de l&rsquo;Office des Nations Unies contre la drogue et le crime (ONUDC) \u00bb, a-t-il ajout\u00e9. \u00ab Nous devons \u00e9galement nous adapter aux temps qui changent. La cybercriminalit\u00e9 est devenue une entreprise qui g\u00e9n\u00e8re des milliards de dollars chaque ann\u00e9e en termes de fraude en ligne, de vol d&rsquo;identit\u00e9, et de propri\u00e9t\u00e9 intellectuelle perdue. Elle touche des millions de personnes \u00e0 travers le monde, ainsi que les entreprises et les gouvernements. Nous devons \u00e9galement aborder les liens croissants entre la criminalit\u00e9 organis\u00e9e et le terrorisme \u00bb.<\/p>\n<p>Lors de la c\u00e9r\u00e9monie, trois repr\u00e9sentants du Forum de la jeunesse, qui s&rsquo;est d\u00e9roul\u00e9 avant le Congr\u00e8s, ont pr\u00e9sent\u00e9 aux participants la d\u00e9claration du Forum de la jeunesse de Doha, qui inclut leurs recommandations sur les principaux th\u00e8mes discut\u00e9s au Congr\u00e8s.<\/p>\n<p>Le Pr\u00e9sident de l&rsquo;Assembl\u00e9e g\u00e9n\u00e9rale des Nations Unies Sam Kutesa a soulign\u00e9 pour sa part que le Congr\u00e8s contre le crime \u00e9tait \u00ab un forum important pour se concentrer sur les crimes qui affectent la capacit\u00e9 de millions de personnes \u00e0 travers le monde \u00e0 avoir une vie prosp\u00e8re et digne \u00bb.<\/p>\n<p>M. Kutesa a appel\u00e9 les participants du Congr\u00e8s \u00ab \u00e0 utiliser ce forum pour produire des id\u00e9es concr\u00e8tes pouvant contribuer de mani\u00e8re positive \u00e0 l&rsquo;actuel processus de n\u00e9gociation du programme de d\u00e9veloppement post-2015 dans le domaine de la pr\u00e9vention du crime et de la justice p\u00e9nale \u00bb.<\/p>\n<p>Le Pr\u00e9sident du Conseil \u00e9conomique et social des Nations Unies, Martin Sajdik, et le Directeur ex\u00e9cutif de l&rsquo;ONUDC, Yury Fedotov, ont \u00e9galement prononc\u00e9 une allocution \u00e0 l&rsquo;ouverture du Congr\u00e8s contre le crime.<\/p>\n<p>\u00ab Nous sommes tous r\u00e9unis ici pour faire progresser la lutte commune contre la criminalit\u00e9 \u00bb, a d\u00e9clar\u00e9 M. Sajdik. \u00ab Bien que planifi\u00e9 il y a plusieurs ann\u00e9es le calendrier de notre congr\u00e8s ne peut pas mieux tomber. Apr\u00e8s la conf\u00e9rence de Senda\u00ef sur la pr\u00e9vention des catastrophes en mars dernier, notre congr\u00e8s est une autre r\u00e9union historique en cette ann\u00e9e absolument cruciale pour le d\u00e9veloppement mondial \u00bb.<\/p>\n<p>De son c\u00f4t\u00e9, M. Fedotov a d\u00e9clar\u00e9 que le 13e Congr\u00e8s contre le crime offrait \u00ab une occasion opportune pour faire progresser l&rsquo;action mondiale, et promouvoir une approche holistique qui int\u00e8gre la pr\u00e9vention efficace de la criminalit\u00e9 et la justice p\u00e9nale dans l&rsquo;agenda plus large des Nations Unies, y compris dans les domaines des droits de l&rsquo;homme, de l&rsquo;\u00e9galit\u00e9 des sexes et de la protection des enfants \u00bb.<\/p>\n<p>\u00ab Le Congr\u00e8s est une excellente occasion de prolonger et d&rsquo;am\u00e9liorer la coop\u00e9ration internationale pour lutter contre la criminalit\u00e9 transnationale organis\u00e9e, le terrorisme et les flux financiers illicites, et de s&rsquo;assurer que nos r\u00e9ponses soient rapides, intelligentes et capables de faire face aux nouvelles menaces \u00bb, a-t-il ajout\u00e9.<\/p>\n<p>Lors d&rsquo;une conf\u00e9rence de presse dans l&rsquo;apr\u00e8s-midi, le Secr\u00e9taire g\u00e9n\u00e9ral a f\u00e9licit\u00e9 le Premier ministre du Qatar pour l&rsquo;adoption r\u00e9ussie de la &lsquo;D\u00e9claration de Doha&rsquo;.<\/p>\n<p>\u00ab Je crois que la d\u00e9claration est concise et r\u00e9alisable \u00bb, a-t-il dit. \u00ab J&rsquo;attends de cette conf\u00e9rence qu&rsquo;elle soit tourn\u00e9e vers l&rsquo;action. Elle devrait fournir une plate-forme pour une coop\u00e9ration accrue entre les gouvernements, les organisations intergouvernementales et la soci\u00e9t\u00e9 civile sur l&rsquo;ensemble des questions li\u00e9es \u00e0 la pr\u00e9vention du crime et la justice p\u00e9nale \u00bb, a-t-il ajout\u00e9.<\/p>\n<p>Via le <a href=\"https:\/\/www.un.org\/apps\/newsFr\/storyF.asp?NewsID=34577#.VS6M4fnF9Q0\">Centre d&rsquo;actualit\u00e9s de l&rsquo;ONU<\/a><\/p>\n","protected":false},"excerpt":{"rendered":"<p>A l&rsquo;ouverture du 13\u00e8me Congr\u00e8s des Nations Unies contre le crime dimanche \u00e0 Doha, au Qatar, le Secr\u00e9taire g\u00e9n\u00e9ral de l&rsquo;ONU, Ban Ki-moon, et d&rsquo;autres responsables de haut niveau des Nations Unies, ont affirm\u00e9 que la pr\u00e9vention du crime et la promotion de l&rsquo;\u00e9tat de droit \u00e9taient essentielles pour soutenir le d\u00e9veloppement durable.<\/p>\n","protected":false},"author":136,"featured_media":1931,"comment_status":"closed","ping_status":"closed","sticky":false,"template":"","format":"standard","meta":{"_et_pb_use_builder":"","_et_pb_old_content":"","_et_gb_content_width":"","footnotes":""},"categories":[16,31,19,34],"tags":[],"class_list":["post-1926","post","type-post","status-publish","format-standard","has-post-thumbnail","hentry","category-news","category-developpement-durable","category-peace-and-justice","category-secretaire-general"],"_links":{"self":[{"href":"https:\/\/www.un.org\/sustainabledevelopment\/fr\/wp-json\/wp\/v2\/posts\/1926","targetHints":{"allow":["GET"]}}],"collection":[{"href":"https:\/\/www.un.org\/sustainabledevelopment\/fr\/wp-json\/wp\/v2\/posts"}],"about":[{"href":"https:\/\/www.un.org\/sustainabledevelopment\/fr\/wp-json\/wp\/v2\/types\/post"}],"author":[{"embeddable":true,"href":"https:\/\/www.un.org\/sustainabledevelopment\/fr\/wp-json\/wp\/v2\/users\/136"}],"replies":[{"embeddable":true,"href":"https:\/\/www.un.org\/sustainabledevelopment\/fr\/wp-json\/wp\/v2\/comments?post=1926"}],"version-history":[{"count":0,"href":"https:\/\/www.un.org\/sustainabledevelopment\/fr\/wp-json\/wp\/v2\/posts\/1926\/revisions"}],"wp:featuredmedia":[{"embeddable":true,"href":"https:\/\/www.un.org\/sustainabledevelopment\/fr\/wp-json\/wp\/v2\/media\/1931"}],"wp:attachment":[{"href":"https:\/\/www.un.org\/sustainabledevelopment\/fr\/wp-json\/wp\/v2\/media?parent=1926"}],"wp:term":[{"taxonomy":"category","embeddable":true,"href":"https:\/\/www.un.org\/sustainabledevelopment\/fr\/wp-json\/wp\/v2\/categories?post=1926"},{"taxonomy":"post_tag","embeddable":true,"href":"https:\/\/www.un.org\/sustainabledevelopment\/fr\/wp-json\/wp\/v2\/tags?post=1926"}],"curies":[{"name":"wp","href":"https:\/\/api.w.org\/{rel}","templated":true}]}}