  {"id":1951,"date":"2015-04-13T18:55:09","date_gmt":"2015-04-13T18:55:09","guid":{"rendered":"http:\/\/www.un.org\/sustainabledevelopment\/fr\/?p=1951"},"modified":"2017-11-13T12:33:34","modified_gmt":"2017-11-13T17:33:34","slug":"doha-lacces-de-tous-a-la-justice-contribue-a-un-developpement-economique-equitable-et-inclusif","status":"publish","type":"post","link":"https:\/\/www.un.org\/sustainabledevelopment\/fr\/2015\/04\/13\/doha-lacces-de-tous-a-la-justice-contribue-a-un-developpement-economique-equitable-et-inclusif\/","title":{"rendered":"Doha : l&rsquo;acc\u00e8s de tous \u00e0 la justice contribue \u00e0 un d\u00e9veloppement \u00e9conomique \u00e9quitable et inclusif"},"content":{"rendered":"<p>Il est essentiel de renforcer les efforts de la communaut\u00e9 internationale pour promouvoir l&rsquo;\u00e9tat de droit et les droits humains comme catalyseurs du d\u00e9veloppement durable, ont d\u00e9clar\u00e9 lundi le Pr\u00e9sident de l&rsquo;Assembl\u00e9e g\u00e9n\u00e9rale des Nations Unies, Sam Kutesa, et d&rsquo;autres responsables de haut niveau des Nations Unies lors du Congr\u00e8s contre le crime, \u00e0 Doha, au Qatar.<\/p>\n<p>\u00ab Des cadres juridiques justes, transparents et accessibles jouent un r\u00f4le essentiel dans l&rsquo;\u00e9radication de la pauvret\u00e9. L&rsquo;acc\u00e8s de tous \u00e0 la justice et des lois non discriminatoires permettent de faire progresser l&rsquo;\u00e9galit\u00e9 des sexes et de promouvoir un d\u00e9veloppement \u00e9quitable et inclusif. En outre, la lutte contre la corruption rend disponibles des fonds pour fournir de services de base aux citoyens, en particulier aux plus vuln\u00e9rables \u00bb, a dit M. Kutesa lors d&rsquo;une r\u00e9union de haut niveau consacr\u00e9e \u00e0 l&rsquo;\u00e9tat de droit, aux droits de l&rsquo;homme et au programme de d\u00e9veloppement post-2015.<\/p>\n<p>\u00ab Favoriser et promouvoir l&rsquo;\u00e9tat de droit et les droits humains pour tous sans discrimination est essentiel pour r\u00e9duire la violence et la criminalit\u00e9 et pour garantir la s\u00e9curit\u00e9 humaine. Pour cela, il faut des syst\u00e8mes juridiques et s\u00e9curitaires efficaces et responsables pour r\u00e9pondre aux cycles de violence et pour promouvoir la paix et la stabilit\u00e9, qui sont d&rsquo;importantes conditions pr\u00e9alables \u00e0 une croissance \u00e9conomique durable \u00bb, a-t-il ajout\u00e9.<\/p>\n<p>La r\u00e9union \u00e9tait organis\u00e9e par l&rsquo;Office des Nations Unies contre la drogue et le crime (ONUDC), en partenariat avec l&rsquo;Italie et la Tha\u00eflande, et s&rsquo;inscrit dans le cadre du Congr\u00e8s contre le crime, qui s&rsquo;est ouvert dimanche et doit s&rsquo;achever le 19 avril.<\/p>\n<p>Cette discussion suit le d\u00e9bat th\u00e9matique de haut niveau de l&rsquo;Assembl\u00e9e g\u00e9n\u00e9rale intitul\u00e9 \u00ab Int\u00e9grer la pr\u00e9vention du crime et la justice p\u00e9nale dans l&rsquo;agenda de d\u00e9veloppement post-2015 \u00bb, qui s&rsquo;est d\u00e9roul\u00e9 \u00e0 New York le 25 f\u00e9vrier 2015, a soulign\u00e9 le Directeur ex\u00e9cutif de l&rsquo;ONUDC, Yury Fedotov.<\/p>\n<p>M. Kutesa a rappel\u00e9 que la nature de la criminalit\u00e9 a chang\u00e9. \u00ab Beaucoup de pays sont aujourd&rsquo;hui aux prises avec des crimes nationaux et transnationaux tels que la traite des personnes, le trafic d&rsquo;armes \u00e0 feu et le trafic de drogue; la corruption; le trafic illicite de migrants; les m\u00e9dicaments contrefaits; la cybercriminalit\u00e9 et la piraterie. Ces crimes non seulement fragilisent les capacit\u00e9s nationales \u00e0 r\u00e9aliser l&rsquo;\u00e9tat de droit dans les faits et \u00e0 promouvoir les droits humains, mais affaiblissent \u00e9galement la capacit\u00e9 des pays et des communaut\u00e9s \u00e0 prosp\u00e9rer et \u00e0 r\u00e9aliser des opportunit\u00e9s de d\u00e9veloppement \u00bb, a-t-il ajout\u00e9.<\/p>\n<p>Le Pr\u00e9sident du Conseil \u00e9conomique et social (ECOSOC) Martin Sajdik, le Sous-Secr\u00e9taire g\u00e9n\u00e9ral de l&rsquo;ONU aux op\u00e9rations de maintien de la paix charg\u00e9 de l&rsquo;\u00e9tat de droit et des institutions de s\u00e9curit\u00e9, Dmitry Titov, le Sous-Secr\u00e9taire g\u00e9n\u00e9ral de l&rsquo;ONU aux droits de l&rsquo;homme, Ivan Simonovic, et l&rsquo;Administrateur adjoint du Programme des Nations Unies pour le d\u00e9veloppement (PNUD), Magdy Martinez-Soliman, participaient \u00e9galement \u00e0 la r\u00e9union de haut niveau.<\/p>\n<p>M. Sajdik a soulign\u00e9 qu&rsquo;\u00ab il n&rsquo;y a pas de bonne gouvernance sans \u00e9tat de droit, et il n&rsquo;y a pas d&rsquo;\u00e9tat de droit sans bonne gouvernance \u00bb. \u00ab La promotion du d\u00e9veloppement durable, prot\u00e9g\u00e9 par un \u00e9tat de droit et des droits de l&rsquo;homme forts, est la voie qui doit \u00eatre prise par tous \u00bb, a-t-il ajout\u00e9.<\/p>\n<p>\u00ab Si nous voulons avoir des soci\u00e9t\u00e9s pacifiques et stables, et un v\u00e9ritable d\u00e9veloppement social, alors l&rsquo;\u00e9radication de la discrimination, la lutte contre les in\u00e9galit\u00e9s entre les groupes sociaux, et la garantie que &lsquo;personne n&rsquo;est laiss\u00e9 de c\u00f4t\u00e9&rsquo; doivent \u00eatre notre priorit\u00e9 urgente \u00bb, a d\u00e9clar\u00e9 M. Simonovic.<\/p>\n<p>Le Sous-Secr\u00e9taire g\u00e9n\u00e9ral a rappel\u00e9 que \u00ab l&rsquo;application de la loi et l&rsquo;administration de la justice doivent \u00eatre conformes au droit international des droits de l&rsquo;homme \u00bb. \u00ab Les lois doivent servir les gens, refl\u00e9tant leurs valeurs et leurs besoins, et non pas leur \u00eatre impos\u00e9es. Nous avons besoin de l&rsquo;\u00e9tat de droit, pas d&rsquo;une approche consistant \u00e0 faire respecter l&rsquo;ordre. Quand la loi est discriminatoire, et d&rsquo;une s\u00e9v\u00e9rit\u00e9 disproportionn\u00e9e, et quand les lois elles-m\u00eames sont injustes, cela g\u00e9n\u00e8re \u00e0 la fois du ressentiment et des in\u00e9galit\u00e9s \u00bb, a-t-il ajout\u00e9.<\/p>\n<p>M. Simonovic a soulign\u00e9 que \u00ab pour \u00eatre v\u00e9ritablement transformateur, et efficace, le nouveau programme de d\u00e9veloppement post-2015 doit \u00eatre fortement bas\u00e9 sur le droit international des droits de l&rsquo;homme \u00bb.<\/p>\n<p>De son c\u00f4t\u00e9, M. Titov a soulign\u00e9 que ce n&rsquo;est pas simplement la criminalit\u00e9 violente qui entrave le d\u00e9veloppement. \u00ab Il y a une abondance de preuves, comme beaucoup l&rsquo;ont mentionn\u00e9 aujourd&rsquo;hui, qui montrent que la corruption est un obstacle majeur avec un impact disproportionn\u00e9 sur les pauvres et les personnes marginalis\u00e9es \u00bb, a-t-il dit.<\/p>\n<p>Il a donn\u00e9 des exemples d&rsquo;initiatives du D\u00e9partement des op\u00e9rations de maintien de la paix destin\u00e9es \u00e0 renforcer l&rsquo;\u00e9tat de droit. Le D\u00e9partement aide ainsi \u00ab les autorit\u00e9s de la R\u00e9publique d\u00e9mocratique du Congo \u00e0 faire face aux militaires accus\u00e9s d&rsquo;avoir commis des crimes contre des civils \u00bb et soutient \u00ab la C\u00f4te d&rsquo;Ivoire pour rendre op\u00e9rationnels 37 tribunaux et pour r\u00e9habiliter 22 prisons apr\u00e8s la crise de 2011 \u00bb, a-t-il soulign\u00e9.<\/p>\n<p>Pour sa part, M. Martinez-Soliman a \u00e9voqu\u00e9 le travail du PNUD pour pr\u00e9venir l&rsquo;impunit\u00e9 et les violations des droits de l&rsquo;homme et garantir l&rsquo;\u00e9tat de droit dans plus de 100 pays, dont 40 affect\u00e9s par des crises. Le PNUD aide \u00e9galement \u00e0 renforcer la capacit\u00e9 des gouvernements \u00e0 faire en sorte que les auteurs de crimes rendent des comptes et \u00e0 fournir aux personnes vuln\u00e9rables, particuli\u00e8rement les victimes de conflit, des r\u00e9parations.<\/p>\n<p>Via le <a href=\"https:\/\/www.un.org\/apps\/newsFr\/storyF.asp?NewsID=34580#.VS6NAPnF9Q0\">Centre d&rsquo;actualit\u00e9s de l&rsquo;ONU<\/a><\/p>\n","protected":false},"excerpt":{"rendered":"<p>Il est essentiel de renforcer les efforts de la communaut\u00e9 internationale pour promouvoir l&rsquo;\u00e9tat de droit et les droits humains comme catalyseurs du d\u00e9veloppement durable, ont d\u00e9clar\u00e9 lundi le Pr\u00e9sident de l&rsquo;Assembl\u00e9e g\u00e9n\u00e9rale des Nations Unies, Sam Kutesa, et d&rsquo;autres responsables de haut niveau des Nations Unies lors du Congr\u00e8s contre le crime, \u00e0 Doha, au Qatar.<\/p>\n","protected":false},"author":136,"featured_media":1956,"comment_status":"closed","ping_status":"closed","sticky":false,"template":"","format":"standard","meta":{"_et_pb_use_builder":"","_et_pb_old_content":"","_et_gb_content_width":"","footnotes":""},"categories":[16,6,19,20],"tags":[],"class_list":["post-1951","post","type-post","status-publish","format-standard","has-post-thumbnail","hentry","category-news","category-economic-growth","category-peace-and-justice","category-poverty"],"_links":{"self":[{"href":"https:\/\/www.un.org\/sustainabledevelopment\/fr\/wp-json\/wp\/v2\/posts\/1951","targetHints":{"allow":["GET"]}}],"collection":[{"href":"https:\/\/www.un.org\/sustainabledevelopment\/fr\/wp-json\/wp\/v2\/posts"}],"about":[{"href":"https:\/\/www.un.org\/sustainabledevelopment\/fr\/wp-json\/wp\/v2\/types\/post"}],"author":[{"embeddable":true,"href":"https:\/\/www.un.org\/sustainabledevelopment\/fr\/wp-json\/wp\/v2\/users\/136"}],"replies":[{"embeddable":true,"href":"https:\/\/www.un.org\/sustainabledevelopment\/fr\/wp-json\/wp\/v2\/comments?post=1951"}],"version-history":[{"count":0,"href":"https:\/\/www.un.org\/sustainabledevelopment\/fr\/wp-json\/wp\/v2\/posts\/1951\/revisions"}],"wp:featuredmedia":[{"embeddable":true,"href":"https:\/\/www.un.org\/sustainabledevelopment\/fr\/wp-json\/wp\/v2\/media\/1956"}],"wp:attachment":[{"href":"https:\/\/www.un.org\/sustainabledevelopment\/fr\/wp-json\/wp\/v2\/media?parent=1951"}],"wp:term":[{"taxonomy":"category","embeddable":true,"href":"https:\/\/www.un.org\/sustainabledevelopment\/fr\/wp-json\/wp\/v2\/categories?post=1951"},{"taxonomy":"post_tag","embeddable":true,"href":"https:\/\/www.un.org\/sustainabledevelopment\/fr\/wp-json\/wp\/v2\/tags?post=1951"}],"curies":[{"name":"wp","href":"https:\/\/api.w.org\/{rel}","templated":true}]}}