  {"id":1961,"date":"2015-04-14T19:00:02","date_gmt":"2015-04-14T19:00:02","guid":{"rendered":"http:\/\/www.un.org\/sustainabledevelopment\/fr\/?p=1961"},"modified":"2017-11-13T12:33:33","modified_gmt":"2017-11-13T17:33:33","slug":"ban-ki-moon-nomme-lacteur-daniel-craig-mandataire-mondial-de-lonu-pour-lelimination-des-mines","status":"publish","type":"post","link":"https:\/\/www.un.org\/sustainabledevelopment\/fr\/2015\/04\/14\/ban-ki-moon-nomme-lacteur-daniel-craig-mandataire-mondial-de-lonu-pour-lelimination-des-mines\/","title":{"rendered":"Ban Ki-moon nomme l&rsquo;acteur Daniel Craig Mandataire mondial de l&rsquo;ONU pour l&rsquo;\u00e9limination des mines"},"content":{"rendered":"<p>Le Secr\u00e9taire g\u00e9n\u00e9ral de l&rsquo;ONU, Ban Ki-moon, a nomm\u00e9 mardi l&rsquo;acteur britannique Daniel Craig, connu notamment du grand public pour incarner \u00e0 l&rsquo;\u00e9cran le personnage de James Bond, en tant que premier Mandataire mondial des Nations Unies pour l&rsquo;\u00e9limination des mines et engins explosifs.<\/p>\n<p>A l&rsquo;occasion d&rsquo;une c\u00e9r\u00e9monie organis\u00e9e au si\u00e8ge de l&rsquo;Organisation, \u00e0 New York, le Secr\u00e9taire g\u00e9n\u00e9ral a remerci\u00e9 M. Craig pour son engagement en faveur de la vision onusienne d&rsquo;un monde lib\u00e9r\u00e9 de la menace des mines terrestres et des restes explosifs de guerre.<\/p>\n<p>\u00ab A l&rsquo;instar des cin\u00e9philes du monde entier, j&rsquo;ai retenu mon souffle en regardant M. Craig, dans la peau de James Bond, d\u00e9samorcer des bombes \u00e0 retardement quelques secondes \u00e0 peine avant la fin du compte \u00e0 rebours. Je suis encore plus enthousiaste \u00e0 l&rsquo;id\u00e9e que M. Craig ait accept\u00e9 de mettre \u00e0 profit son aura en tant que star pour attirer l&rsquo;attention sur les causes nobles que sont la destruction des mines et la sensibilisation aux mines \u00bb, a d\u00e9clar\u00e9 M. Ban.<\/p>\n<p>\u00ab En tant que 007, M. Craig avait &lsquo;le permis de tuer&rsquo;, aujourd&rsquo;hui, nous lui donnons &lsquo;le permis de sauver des vies&rsquo; \u00bb, a poursuivi M. Ban.<\/p>\n<p>Cette c\u00e9r\u00e9monie est l&rsquo;un des nombreux \u00e9v\u00e8nements organis\u00e9s pour comm\u00e9morer le dixi\u00e8me anniversaire de la Journ\u00e9e internationale de la sensibilisation au probl\u00e8me des mines et de l&rsquo;assistance \u00e0 la lutte antimines. A ce titre, le Secr\u00e9taire g\u00e9n\u00e9ral a exprim\u00e9 l&rsquo;espoir que l&rsquo;engagement de M. Craig permette de sensibiliser le public aux efforts d\u00e9ploy\u00e9s par l&rsquo;Organisation dans la lutte antimines, notamment en rendant visite \u00e0 des programmes de lutte antimines dans le monde entier et en contribuant \u00e0 la mobilisation de soutiens politiques et financiers.<\/p>\n<p>M. Craig, qui s&rsquo;est dit tr\u00e8s honor\u00e9 par cette nomination, a r\u00e9pondu favorablement \u00e0 l&rsquo;invitation du Secr\u00e9taire g\u00e9n\u00e9ral et a annonc\u00e9 son intention d&rsquo;entreprendre dans les prochains mois sa premi\u00e8re visite de programmes d&rsquo;action antimines des Nations Unies.<\/p>\n<p>\u00ab Les informations du Secr\u00e9taire g\u00e9n\u00e9ral et de l&rsquo;ensemble du personnel des Nations Unies que j&rsquo;ai rencontr\u00e9 d\u00e9montrent l&rsquo;ampleur de la t\u00e2che \u00bb, a-t-il d\u00e9clar\u00e9. \u00ab L&rsquo;utilisation d&rsquo;engins explosifs improvis\u00e9s en Iraq, en Somalie et au Mali ; l&rsquo;utilisation g\u00e9n\u00e9ralis\u00e9e de &lsquo;bombes barils&rsquo; en Syrie ; et la contamination engendr\u00e9e par les mines terrestres au Cambodge, en Colombie et en Afghanistan sont des questions qui doivent \u00eatre abord\u00e9es simultan\u00e9ment. C&rsquo;est une lourde t\u00e2che. L&rsquo;ONU a besoin de soutiens politiques et financiers pour y parvenir \u00bb.<\/p>\n<p>M. Craig b\u00e9n\u00e9ficiera du titre de Mandataire mondial des Nations Unies pour l&rsquo;\u00e9limination des mines et engins explosifs pour une dur\u00e9e de trois ans. Auparavant, l&rsquo;acteur avait pr\u00eat\u00e9 sa voix pour deux vid\u00e9os du Service de la lutte antimines des Nations Unies (SLAM) en 2014.<\/p>\n<p>Via le <a href=\"https:\/\/www.un.org\/apps\/newsFr\/storyF.asp?NewsID=34598#.VS6NF_nF9Q0\">Centre d&rsquo;actualit\u00e9s de l&rsquo;ONU<\/a><\/p>\n","protected":false},"excerpt":{"rendered":"<p>Le Secr\u00e9taire g\u00e9n\u00e9ral de l&rsquo;ONU, Ban Ki-moon, a nomm\u00e9 mardi l&rsquo;acteur britannique Daniel Craig, connu notamment du grand public pour incarner \u00e0 l&rsquo;\u00e9cran le personnage de James Bond, en tant que premier Mandataire mondial des Nations Unies pour l&rsquo;\u00e9limination des mines et engins explosifs.<\/p>\n","protected":false},"author":136,"featured_media":1966,"comment_status":"closed","ping_status":"closed","sticky":false,"template":"","format":"standard","meta":{"_et_pb_use_builder":"","_et_pb_old_content":"","_et_gb_content_width":"","footnotes":""},"categories":[16,19],"tags":[],"class_list":["post-1961","post","type-post","status-publish","format-standard","has-post-thumbnail","hentry","category-news","category-peace-and-justice"],"_links":{"self":[{"href":"https:\/\/www.un.org\/sustainabledevelopment\/fr\/wp-json\/wp\/v2\/posts\/1961","targetHints":{"allow":["GET"]}}],"collection":[{"href":"https:\/\/www.un.org\/sustainabledevelopment\/fr\/wp-json\/wp\/v2\/posts"}],"about":[{"href":"https:\/\/www.un.org\/sustainabledevelopment\/fr\/wp-json\/wp\/v2\/types\/post"}],"author":[{"embeddable":true,"href":"https:\/\/www.un.org\/sustainabledevelopment\/fr\/wp-json\/wp\/v2\/users\/136"}],"replies":[{"embeddable":true,"href":"https:\/\/www.un.org\/sustainabledevelopment\/fr\/wp-json\/wp\/v2\/comments?post=1961"}],"version-history":[{"count":0,"href":"https:\/\/www.un.org\/sustainabledevelopment\/fr\/wp-json\/wp\/v2\/posts\/1961\/revisions"}],"wp:featuredmedia":[{"embeddable":true,"href":"https:\/\/www.un.org\/sustainabledevelopment\/fr\/wp-json\/wp\/v2\/media\/1966"}],"wp:attachment":[{"href":"https:\/\/www.un.org\/sustainabledevelopment\/fr\/wp-json\/wp\/v2\/media?parent=1961"}],"wp:term":[{"taxonomy":"category","embeddable":true,"href":"https:\/\/www.un.org\/sustainabledevelopment\/fr\/wp-json\/wp\/v2\/categories?post=1961"},{"taxonomy":"post_tag","embeddable":true,"href":"https:\/\/www.un.org\/sustainabledevelopment\/fr\/wp-json\/wp\/v2\/tags?post=1961"}],"curies":[{"name":"wp","href":"https:\/\/api.w.org\/{rel}","templated":true}]}}