  {"id":20125,"date":"2022-01-11T15:43:35","date_gmt":"2022-01-11T20:43:35","guid":{"rendered":"https:\/\/news.un.org\/feed\/view\/fr\/story\/2022\/01\/1112082"},"modified":"2022-01-11T15:43:35","modified_gmt":"2022-01-11T20:43:35","slug":"la-croissance-mondiale-ralentira-jusquen-2023-avec-un-atterrissage-brutal-dans-les-economies-en-developpement","status":"publish","type":"post","link":"https:\/\/www.un.org\/sustainabledevelopment\/fr\/2022\/01\/11\/la-croissance-mondiale-ralentira-jusquen-2023-avec-un-atterrissage-brutal-dans-les-economies-en-developpement\/","title":{"rendered":"La croissance mondiale ralentira jusqu\u2019en 2023, avec un atterrissage brutal dans les \u00e9conomies en d\u00e9veloppement"},"content":{"rendered":"<p>Apr\u00e8s un fort rebond en 2021, l\u2019\u00e9conomie mondiale entre dans une phase de ralentissement prononc\u00e9 dans un contexte marqu\u00e9 par la menace de nouveaux variants de la Covid-19 et une mont\u00e9e de l\u2019inflation, de la dette et des in\u00e9galit\u00e9s de revenus qui pourraient mettre en p\u00e9ril la reprise dans les \u00e9conomies \u00e9mergentes et en d\u00e9veloppement, selon la Banque mondiale.\u00a0 <\/p>\n<p><a href=\"https:\/\/news.un.org\/feed\/view\/fr\/story\/2022\/01\/1112082\">Lisez l&rsquo;article en int\u00e9gralit\u00e9 sur ONU Info<\/a><\/p>\n","protected":false},"excerpt":{"rendered":"<p>Apr\u00e8s un fort rebond en 2021, l\u2019\u00e9conomie mondiale entre dans  [&#8230;]<\/p>\n","protected":false},"author":136,"featured_media":0,"comment_status":"closed","ping_status":"closed","sticky":false,"template":"","format":"standard","meta":{"_et_pb_use_builder":"","_et_pb_old_content":"","_et_gb_content_width":"","footnotes":""},"categories":[16],"tags":[],"class_list":["post-20125","post","type-post","status-publish","format-standard","hentry","category-news"],"_links":{"self":[{"href":"https:\/\/www.un.org\/sustainabledevelopment\/fr\/wp-json\/wp\/v2\/posts\/20125","targetHints":{"allow":["GET"]}}],"collection":[{"href":"https:\/\/www.un.org\/sustainabledevelopment\/fr\/wp-json\/wp\/v2\/posts"}],"about":[{"href":"https:\/\/www.un.org\/sustainabledevelopment\/fr\/wp-json\/wp\/v2\/types\/post"}],"author":[{"embeddable":true,"href":"https:\/\/www.un.org\/sustainabledevelopment\/fr\/wp-json\/wp\/v2\/users\/136"}],"replies":[{"embeddable":true,"href":"https:\/\/www.un.org\/sustainabledevelopment\/fr\/wp-json\/wp\/v2\/comments?post=20125"}],"version-history":[{"count":0,"href":"https:\/\/www.un.org\/sustainabledevelopment\/fr\/wp-json\/wp\/v2\/posts\/20125\/revisions"}],"wp:attachment":[{"href":"https:\/\/www.un.org\/sustainabledevelopment\/fr\/wp-json\/wp\/v2\/media?parent=20125"}],"wp:term":[{"taxonomy":"category","embeddable":true,"href":"https:\/\/www.un.org\/sustainabledevelopment\/fr\/wp-json\/wp\/v2\/categories?post=20125"},{"taxonomy":"post_tag","embeddable":true,"href":"https:\/\/www.un.org\/sustainabledevelopment\/fr\/wp-json\/wp\/v2\/tags?post=20125"}],"curies":[{"name":"wp","href":"https:\/\/api.w.org\/{rel}","templated":true}]}}