  {"id":2091,"date":"2015-04-22T17:41:41","date_gmt":"2015-04-22T17:41:41","guid":{"rendered":"http:\/\/www.un.org\/sustainabledevelopment\/fr\/?p=2091"},"modified":"2017-11-13T12:33:31","modified_gmt":"2017-11-13T17:33:31","slug":"lonu-appelle-les-leaders-religieux-a-faire-du-dialogue-une-arme-contre-lextremisme-violent","status":"publish","type":"post","link":"https:\/\/www.un.org\/sustainabledevelopment\/fr\/2015\/04\/22\/lonu-appelle-les-leaders-religieux-a-faire-du-dialogue-une-arme-contre-lextremisme-violent\/","title":{"rendered":"L&rsquo;ONU appelle les leaders religieux \u00e0 faire du dialogue une arme contre l&rsquo;extr\u00e9misme violent"},"content":{"rendered":"<p>Lors de la seconde journ\u00e9e d&rsquo;une r\u00e9union sp\u00e9ciale de l&rsquo;Assembl\u00e9e g\u00e9n\u00e9rale des Nations Unies visant \u00e0 promouvoir la tol\u00e9rance et la r\u00e9conciliation pour lutter contre la menace grandissante de l&rsquo;extr\u00e9misme violent, le Secr\u00e9taire g\u00e9n\u00e9ral de l&rsquo;Organisation, Ban Ki-moon, a appel\u00e9 mercredi les leaders religieux du monde entier \u00e0 faire usage du dialogue comme d&rsquo;un antidote contre les tensions sectaires.<\/p>\n<p>\u00ab Hier, nous avons eu un d\u00e9bat constructif sur la fa\u00e7on dont nous pouvions encourager l&rsquo;\u00e9tablissement de soci\u00e9t\u00e9s pacifiques et inclusives, et contrer l&rsquo;extr\u00e9misme violent. Aujourd&rsquo;hui, nous portons notre attention sur ce que vous, en tant qu&rsquo;hommes et femmes b\u00e9n\u00e9ficiant d&rsquo;une grande influence sur les populations du monde entier, pouvez et devez faire pour contribuer \u00e0 cette entreprise vitale \u00bb, a d\u00e9clar\u00e9 M. Ban \u00e0 l&rsquo;ouverture de cette seconde journ\u00e9e de discussions au si\u00e8ge de l&rsquo;ONU, \u00e0 New York.<\/p>\n<p>Cet \u00e9v\u00e8nement, organis\u00e9 \u00e0 l&rsquo;initiative du Secr\u00e9taire g\u00e9n\u00e9ral, du Pr\u00e9sident de l&rsquo;Assembl\u00e9e g\u00e9n\u00e9rale de l&rsquo;ONU, Sam Kutesa, et du Haut-Repr\u00e9sentant de l&rsquo;Organisation pour l&rsquo;Alliance des civilisations, Nassir Abdulaziz Al-Nasser, rassemble depuis le 21 avril les Etats membres et des leaders religieux du monde entier autour d&rsquo;un d\u00e9bat sur la promotion de la tol\u00e9rance et de la r\u00e9conciliation.<\/p>\n<p>S&rsquo;il s&rsquo;est dit indign\u00e9 par les r\u00e9cents assassinats et destructions du patrimoine culturel perp\u00e9tr\u00e9s par des extr\u00e9mistes \u00ab invoquant cyniquement la religion comme guide \u00bb, M. Ban a cependant appel\u00e9 les participants \u00e0 adopter une vision \u00e9largie de l&rsquo;extr\u00e9misme violent.<\/p>\n<p>\u00ab L&rsquo;extr\u00e9misme violent n&rsquo;est pas une probl\u00e9matique nord-sud ou est-ouest. Il n&rsquo;est pas cantonn\u00e9 \u00e0 une r\u00e9gion ou \u00e0 une religion sp\u00e9cifique. Il transcende les fronti\u00e8res et est pr\u00e9sent dans le monde entier. Ce n&rsquo;est pas la religion qui commet des violences ; ce sont les hommes \u00bb, a affirm\u00e9 le chef de l&rsquo;ONU, renvoyant dos \u00e0 dos les atrocit\u00e9s commises par l&rsquo;Etat islamique d&rsquo;Iraq et du Levant (EIIL), Boko Haram, Al-Chabab et Al-Qaida, d&rsquo;une part, et les discours racistes et pr\u00e9jug\u00e9s s&rsquo;exer\u00e7ant \u00e0 l&rsquo;encontre des personnes de confession ou de culture diff\u00e9rentes dans le monde entier.<\/p>\n<p>M. Ban a par la suite pr\u00e9sent\u00e9 aux participants les grands traits de ce qui, selon lui, permettrait d&rsquo;enrayer la mont\u00e9e de l&rsquo;extr\u00e9misme violent.<\/p>\n<p>\u00ab Tout d&rsquo;abord, nous devons promouvoir le dialogue en tant qu&rsquo;antidote contre les tensions sectaires. <div class=\"fusion-fullwidth fullwidth-box fusion-builder-row-1 hundred-percent-fullwidth non-hundred-percent-height-scrolling\" style=\"--awb-border-radius-top-left:0px;--awb-border-radius-top-right:0px;--awb-border-radius-bottom-right:0px;--awb-border-radius-bottom-left:0px;--awb-overflow:visible;--awb-flex-wrap:wrap;\" ><div class=\"fusion-builder-row fusion-row\"><div class=\"fusion-layout-column fusion_builder_column fusion-builder-column-0 fusion_builder_column_1_1 1_1 fusion-one-full fusion-column-first fusion-column-last fusion-column-no-min-height\" style=\"--awb-bg-size:cover;--awb-margin-bottom:0px;\"><div class=\"fusion-column-wrapper fusion-flex-column-wrapper-legacy\">[ \u2026] Deuxi\u00e8mement, nous devons nous attaquer aux facteurs permettant aux extr\u00e9mistes violents d&rsquo;attirer des nouvelles recrues \u00bb, a dit le Secr\u00e9taire g\u00e9n\u00e9ral aux leaders religieux pr\u00e9sents \u00e0 l&rsquo;\u00e9v\u00e8nement.<\/p>\n<p>S&rsquo;adressant ensuite aux repr\u00e9sentants des Etats membres, M. Ban les a exhort\u00e9s \u00e0 tout mettre en \u0153uvre pour mettre un terme aux in\u00e9galit\u00e9s, \u00e0 la pauvret\u00e9 et au manque d&rsquo;opportunit\u00e9s, qui constituent dans leurs soci\u00e9t\u00e9s respectives le principal terreau de recrutement des jeunes par les extr\u00e9mistes.<\/p>\n<p>\u00ab Les missiles tuent sans doute les terroristes. Mais je suis convaincu que seule la bonne gouvernance tuera le terrorisme \u00bb, a dit le Secr\u00e9taire g\u00e9n\u00e9ral.<\/p>\n<p>Ce d\u00e9bat sur la promotion de la tol\u00e9rance et de la r\u00e9conciliation sera suivi du 23 au 24 avril par une conf\u00e9rence sur le r\u00f4le des leaders religieux dans la pr\u00e9vention de l&rsquo;incitation aux crimes d&rsquo;atrocit\u00e9, organis\u00e9e \u00e0 F\u00e8s, au Maroc, \u00e0 l&rsquo;initiative du Bureau des Nations Unies pour la pr\u00e9vention du g\u00e9nocide, du Centre international Roi Abdullah Ben Abdelaziz pour le dialogue interreligieux et interculturel et de la D\u00e9l\u00e9gation interminist\u00e9rielle aux droits de l&rsquo;homme du Maroc.<\/p>\n<p>Via le <a href=\"https:\/\/www.un.org\/apps\/newsFr\/storyF.asp?NewsID=34650#.VTp-miHBzRY\">Centre d&rsquo;actualit\u00e9s de l&rsquo;ONU<\/a><div class=\"fusion-clearfix\"><\/div><\/div><\/div><\/div><\/div><\/p>\n","protected":false},"excerpt":{"rendered":"<p>Lors de la seconde journ\u00e9e d&rsquo;une r\u00e9union sp\u00e9ciale de l&rsquo;Assembl\u00e9e g\u00e9n\u00e9rale des Nations Unies visant \u00e0 promouvoir la tol\u00e9rance et la r\u00e9conciliation pour lutter contre la menace grandissante de l&rsquo;extr\u00e9misme violent, le Secr\u00e9taire g\u00e9n\u00e9ral de l&rsquo;Organisation, Ban Ki-moon, a appel\u00e9 mercredi les leaders religieux du monde entier \u00e0 faire usage du dialogue comme d&rsquo;un antidote contre les tensions sectaires.<\/p>\n","protected":false},"author":136,"featured_media":2096,"comment_status":"closed","ping_status":"closed","sticky":false,"template":"","format":"standard","meta":{"_et_pb_use_builder":"","_et_pb_old_content":"","_et_gb_content_width":"","footnotes":""},"categories":[16,19],"tags":[],"class_list":["post-2091","post","type-post","status-publish","format-standard","has-post-thumbnail","hentry","category-news","category-peace-and-justice"],"_links":{"self":[{"href":"https:\/\/www.un.org\/sustainabledevelopment\/fr\/wp-json\/wp\/v2\/posts\/2091","targetHints":{"allow":["GET"]}}],"collection":[{"href":"https:\/\/www.un.org\/sustainabledevelopment\/fr\/wp-json\/wp\/v2\/posts"}],"about":[{"href":"https:\/\/www.un.org\/sustainabledevelopment\/fr\/wp-json\/wp\/v2\/types\/post"}],"author":[{"embeddable":true,"href":"https:\/\/www.un.org\/sustainabledevelopment\/fr\/wp-json\/wp\/v2\/users\/136"}],"replies":[{"embeddable":true,"href":"https:\/\/www.un.org\/sustainabledevelopment\/fr\/wp-json\/wp\/v2\/comments?post=2091"}],"version-history":[{"count":0,"href":"https:\/\/www.un.org\/sustainabledevelopment\/fr\/wp-json\/wp\/v2\/posts\/2091\/revisions"}],"wp:featuredmedia":[{"embeddable":true,"href":"https:\/\/www.un.org\/sustainabledevelopment\/fr\/wp-json\/wp\/v2\/media\/2096"}],"wp:attachment":[{"href":"https:\/\/www.un.org\/sustainabledevelopment\/fr\/wp-json\/wp\/v2\/media?parent=2091"}],"wp:term":[{"taxonomy":"category","embeddable":true,"href":"https:\/\/www.un.org\/sustainabledevelopment\/fr\/wp-json\/wp\/v2\/categories?post=2091"},{"taxonomy":"post_tag","embeddable":true,"href":"https:\/\/www.un.org\/sustainabledevelopment\/fr\/wp-json\/wp\/v2\/tags?post=2091"}],"curies":[{"name":"wp","href":"https:\/\/api.w.org\/{rel}","templated":true}]}}