  {"id":2101,"date":"2015-04-23T17:45:07","date_gmt":"2015-04-23T17:45:07","guid":{"rendered":"http:\/\/www.un.org\/sustainabledevelopment\/fr\/?p=2101"},"modified":"2017-11-13T12:33:31","modified_gmt":"2017-11-13T17:33:31","slug":"journee-contre-le-paludisme-loms-lance-une-nouvelle-strategie-pour-eradiquer-la-maladie","status":"publish","type":"post","link":"https:\/\/www.un.org\/sustainabledevelopment\/fr\/2015\/04\/23\/journee-contre-le-paludisme-loms-lance-une-nouvelle-strategie-pour-eradiquer-la-maladie\/","title":{"rendered":"Journ\u00e9e contre le paludisme : l&rsquo;OMS lance une nouvelle strat\u00e9gie pour \u00e9radiquer la maladie"},"content":{"rendered":"<p>A deux jours de la Journ\u00e9e mondiale contre le paludisme, l&rsquo;Organisation mondiale de la Sant\u00e9 (OMS) a lanc\u00e9 jeudi un appel \u00e0 la communaut\u00e9 sanitaire mondiale pour qu&rsquo;elle s&rsquo;attaque d&rsquo;urgence aux importantes lacunes qui subsistent dans la pr\u00e9vention, le diagnostic et le traitement de cette maladie.<\/p>\n<p>\u00ab Bien que le nombre de cas et les d\u00e9c\u00e8s dus au paludisme aient diminu\u00e9 de fa\u00e7on spectaculaire depuis l&rsquo;an 2000, plus d&rsquo;un demi-million de vies sont encore perdues chaque ann\u00e9e \u00e0 la suite de cette maladie \u00e9vitable \u00bb, a d\u00e9clar\u00e9 l&rsquo;OMS dans un communiqu\u00e9 de presse, ajoutant que trois quarts au moins des d\u00e9c\u00e8s dus au paludisme concernent des enfants de moins de cinq ans.<\/p>\n<p>Or, a pr\u00e9venu l&rsquo;agence onusienne, en 2013, seulement un sur cinq enfants africains souffrant de paludisme ont re\u00e7u un traitement efficace contre cette maladie, 15 millions de femmes enceintes n&rsquo;ont pas re\u00e7u une seule dose des traitements pr\u00e9ventifs recommand\u00e9s et environ 278 millions de personnes en Afrique vivaient encore dans des logements sans aucune moustiquaire impr\u00e9gn\u00e9e d&rsquo;insecticide.<\/p>\n<p>\u00ab \u00c0 l&rsquo;occasion de la c\u00e9l\u00e9bration, ce 25 avril, de la Journ\u00e9e mondiale de lutte contre le paludisme, nous devons reconna\u00eetre la n\u00e9cessit\u00e9 urgente de d\u00e9velopper les mesures de pr\u00e9vention ainsi que les tests de diagnostic de qualit\u00e9 garantie et les traitements pour r\u00e9duire les souffrances humaines caus\u00e9es par le paludisme \u00bb, a d\u00e9clar\u00e9 le Sous-Directeur g\u00e9n\u00e9ral de l&rsquo;OMS pour le VIH\/sida, la tuberculose, le paludisme et les maladies tropicales n\u00e9glig\u00e9es, Dr. Hiroki Nakatani.<\/p>\n<p>Pour pallier aux lacunes dans le traitement pr\u00e9ventif, l&rsquo;OMS recommande que tous les cas suspects de paludisme fassent l&rsquo;objet de tests de diagnostic, de fa\u00e7on \u00e0 ce que les m\u00e9dicaments antipaludiques soient utilis\u00e9s uniquement pour les personnes effectivement atteintes et que, si le test est n\u00e9gatif, les autres causes de la fi\u00e8vre puissent \u00eatre recherch\u00e9es.<\/p>\n<p>L&rsquo;OMS recommande aussi que les groupes les plus vuln\u00e9rables dans les zones d&rsquo;end\u00e9mie palustre d&rsquo;Afrique subsaharienne \u2013 les femmes enceintes, les enfants de moins de cinq ans et les nourrissons \u2013 re\u00e7oivent un traitement pr\u00e9ventif pour r\u00e9duire le risque d&rsquo;infection par le paludisme.<\/p>\n<p>L&rsquo;OMS a par ailleurs mis sur pied une nouvelle strat\u00e9gie mondiale de lutte contre le paludisme pour la p\u00e9riode 2016-2030, qui sera examin\u00e9e par l&rsquo;Assembl\u00e9e mondiale de la Sant\u00e9 en mai 2015. \u00c9labor\u00e9e en consultation \u00e9troite avec les pays d&rsquo;end\u00e9mie et les partenaires, cette nouvelle strat\u00e9gie fixe comme objectif de r\u00e9duire la charge de la maladie de 40% d&rsquo;ici 2020 et d&rsquo;au moins 90% d&rsquo;ici 2030. Elle vise aussi \u00e0 \u00e9liminer le paludisme dans au moins 35 nouveaux pays d&rsquo;ici 2030.<\/p>\n<p>\u00ab Nous devons franchir une nouvelle \u00e9tape dans la lutte contre le paludisme. Pour parvenir \u00e0 l&rsquo;\u00e9limination, il faudra un engagement politique \u00e0 un haut niveau et un financement robuste, y compris de nouveaux investissements substantiels dans la surveillance de la maladie, le renforcement des syst\u00e8mes de sant\u00e9 et la recherche \u00bb, a d\u00e9clar\u00e9 le Directeur du Programme mondial de lutte antipaludique de l&rsquo;OMS, Dr. Pedro Alonso. \u00ab En outre, nous avons un besoin urgent de nouveaux outils pour nous attaquer \u00e0 la r\u00e9sistance \u00e9mergente aux m\u00e9dicaments et aux insecticides et d&rsquo;approches novatrices pour acc\u00e9l\u00e9rer les progr\u00e8s \u00bb.<\/p>\n<p>La Journ\u00e9e mondiale de lutte contre le paludisme a \u00e9t\u00e9 institu\u00e9e par les Etats Membres de l&rsquo;OMS lors de l&rsquo;Assembl\u00e9e mondiale de la Sant\u00e9 de 2007 et est c\u00e9l\u00e9br\u00e9e chaque ann\u00e9e le 25 avril. Elle est l&rsquo;occasion de souligner la n\u00e9cessit\u00e9 de poursuivre les investissements et de maintenir l&rsquo;engagement politique en faveur de la lutte antipaludique et de l&rsquo;\u00e9limination de cette maladie. Le th\u00e8me de la campagne 2013-2015 est : &lsquo;Investir dans l&rsquo;avenir \u2013 vaincre le paludisme&rsquo;.<\/p>\n<p>Via le <a href=\"https:\/\/www.un.org\/apps\/newsFr\/storyF.asp?NewsID=34651#.VTqCWiHBzRY\">Centre d&rsquo;actualit\u00e9s de l&rsquo;ONU<\/a><\/p>\n","protected":false},"excerpt":{"rendered":"<p>A deux jours de la Journ\u00e9e mondiale contre le paludisme, l&rsquo;Organisation mondiale de la Sant\u00e9 (OMS) a lanc\u00e9 jeudi un appel \u00e0 la communaut\u00e9 sanitaire mondiale pour qu&rsquo;elle s&rsquo;attaque d&rsquo;urgence aux importantes lacunes qui subsistent dans la pr\u00e9vention, le diagnostic et le traitement de cette maladie.<\/p>\n","protected":false},"author":136,"featured_media":2106,"comment_status":"closed","ping_status":"closed","sticky":false,"template":"","format":"standard","meta":{"_et_pb_use_builder":"","_et_pb_old_content":"","_et_gb_content_width":"","footnotes":""},"categories":[16,11],"tags":[],"class_list":["post-2101","post","type-post","status-publish","format-standard","has-post-thumbnail","hentry","category-news","category-health"],"_links":{"self":[{"href":"https:\/\/www.un.org\/sustainabledevelopment\/fr\/wp-json\/wp\/v2\/posts\/2101","targetHints":{"allow":["GET"]}}],"collection":[{"href":"https:\/\/www.un.org\/sustainabledevelopment\/fr\/wp-json\/wp\/v2\/posts"}],"about":[{"href":"https:\/\/www.un.org\/sustainabledevelopment\/fr\/wp-json\/wp\/v2\/types\/post"}],"author":[{"embeddable":true,"href":"https:\/\/www.un.org\/sustainabledevelopment\/fr\/wp-json\/wp\/v2\/users\/136"}],"replies":[{"embeddable":true,"href":"https:\/\/www.un.org\/sustainabledevelopment\/fr\/wp-json\/wp\/v2\/comments?post=2101"}],"version-history":[{"count":0,"href":"https:\/\/www.un.org\/sustainabledevelopment\/fr\/wp-json\/wp\/v2\/posts\/2101\/revisions"}],"wp:featuredmedia":[{"embeddable":true,"href":"https:\/\/www.un.org\/sustainabledevelopment\/fr\/wp-json\/wp\/v2\/media\/2106"}],"wp:attachment":[{"href":"https:\/\/www.un.org\/sustainabledevelopment\/fr\/wp-json\/wp\/v2\/media?parent=2101"}],"wp:term":[{"taxonomy":"category","embeddable":true,"href":"https:\/\/www.un.org\/sustainabledevelopment\/fr\/wp-json\/wp\/v2\/categories?post=2101"},{"taxonomy":"post_tag","embeddable":true,"href":"https:\/\/www.un.org\/sustainabledevelopment\/fr\/wp-json\/wp\/v2\/tags?post=2101"}],"curies":[{"name":"wp","href":"https:\/\/api.w.org\/{rel}","templated":true}]}}