  {"id":2164,"date":"2015-04-28T16:39:38","date_gmt":"2015-04-28T16:39:38","guid":{"rendered":"http:\/\/www.un.org\/sustainabledevelopment\/fr\/?p=2164"},"modified":"2017-11-13T12:33:30","modified_gmt":"2017-11-13T17:33:30","slug":"loit-prone-une-culture-de-la-prevention-pour-lutter-contre-les-conditions-de-travail-dangereuses","status":"publish","type":"post","link":"https:\/\/www.un.org\/sustainabledevelopment\/fr\/2015\/04\/28\/loit-prone-une-culture-de-la-prevention-pour-lutter-contre-les-conditions-de-travail-dangereuses\/","title":{"rendered":"L&rsquo;OIT pr\u00f4ne une \u00ab culture de la pr\u00e9vention \u00bb pour lutter contre les conditions de travail dangereuses"},"content":{"rendered":"<div id=\"fullstory\">\n<p>A l&rsquo;occasion de la Journ\u00e9e mondiale de la s\u00e9curit\u00e9 et de la sant\u00e9 au travail, le Directeur g\u00e9n\u00e9ral de l&rsquo;Organisation internationale du travail (<a href=\"http:\/\/www.ilo.org\/global\/lang--fr\/index.htm\">OIT<\/a>), Guy Ryder, a lanc\u00e9 mardi un appel \u00ab pressant \u00bb en faveur de l&rsquo;instauration d&rsquo;une culture de la pr\u00e9vention pour lutter contre les conditions de travail dangereuses.<\/p>\n<p>Cette Journ\u00e9e, dont l&rsquo;\u00e9dition 2015 a pour th\u00e8me &lsquo;Joignez-vous \u00e0 la construction d&rsquo;une culture de la pr\u00e9vention en mati\u00e8re de sant\u00e9 et de s\u00e9curit\u00e9 au travail&rsquo;, est organis\u00e9e chaque ann\u00e9e par l&rsquo;OIT le 28 avril afin de promouvoir un travail s\u00fbr, salubre et d\u00e9cent et sensibiliser l&rsquo;opinion publique sur la n\u00e9cessit\u00e9 de renforcer les politiques de pr\u00e9vention des risques professionnels.<\/p>\n<p>Dans un message rendu public \u00e0 l&rsquo;occasion de la c\u00e9l\u00e9bration, le Directeur g\u00e9n\u00e9ral de l&rsquo;OIT a d\u00e9nonc\u00e9 les conditions de travail dangereuses qui demeurent la r\u00e9alit\u00e9 \u00ab quotidienne et silencieuse \u00bb de nombreux travailleurs.<\/p>\n<p>Selon M. Ryder, plus de 313 millions de travailleurs sont en effet victimes chaque ann\u00e9e d&rsquo;accidents non mortels, ce qui repr\u00e9sente 860.000 personnes bless\u00e9es chaque jour. D&rsquo;autre part, 6.400 personnes d\u00e9c\u00e8dent quotidiennement des suites d&rsquo;un accident du travail ou d&rsquo;une maladie professionnelle, ce qui \u00e9quivaut \u00e0 2,3 millions de d\u00e9c\u00e8s par an.<\/p>\n<p>\u00ab Il ne fait aucun doute que les accidents du travail et les maladies professionnelles font partie des probl\u00e8mes sanitaires mondiaux \u00e0 forte charge de morbidit\u00e9 \u00bb, a regrett\u00e9 le Directeur g\u00e9n\u00e9ral de l&rsquo;OIT, rappelant qu&rsquo;en 2008, le droit \u00e0 un milieu de travail s\u00fbr et salubre a \u00e9t\u00e9 reconnu en tant que droit humain fondamental dans la D\u00e9claration de S\u00e9oul sur la s\u00e9curit\u00e9 et la sant\u00e9 au travail.<\/p>\n<p>Prenant appui sur ce constat, M. Ryder a lanc\u00e9 un appel \u00ab pressant \u00bb, au nom de l&rsquo;OIT, en faveur de la construction d&rsquo;une culture de la pr\u00e9vention dans le domaine de la s\u00e9curit\u00e9 et de la sant\u00e9 au travail. Cette culture, a-t-il ajout\u00e9, doit \u00eatre fond\u00e9e sur le respect \u00e0 tous les niveaux du droit \u00e0 un milieu de travail s\u00fbr et salubre ; la participation active de tous les acteurs concern\u00e9s \u00e0 la cr\u00e9ation d&rsquo;un milieu de travail s\u00fbr et salubre par la mise en place d&rsquo;un syst\u00e8me de droits, de responsabilit\u00e9s et d&rsquo;obligations bien d\u00e9fini ; et l&rsquo;importance prioritaire accord\u00e9e au principe de pr\u00e9vention.<\/p>\n<p>\u00ab Le moment est venu de regrouper les acquis de la s\u00e9curit\u00e9 et sant\u00e9 au travail dans une strat\u00e9gie de pr\u00e9vention en mettant en commun, diffusant et reproduisant dans la mesure du possible les bonnes pratiques et en nouant des partenariats pour acc\u00e9l\u00e9rer l&rsquo;av\u00e8nement d&rsquo;une culture mondiale de la pr\u00e9vention \u00bb, a d\u00e9clar\u00e9 le Directeur g\u00e9n\u00e9ral de l&rsquo;OIT.<\/p>\n<\/div>\n<p>&lt;a href=\u201dhttps:\/\/www.un.org\/apps\/newsFr\/storyF.asp?NewsID=34688#.VUpAy_lVhBc\u201d&gt;Via le Centre d\u2019actualit\u00e9s de l\u2019ONU&lt;\/a&gt;<\/p>\n","protected":false},"excerpt":{"rendered":"<p>A l&rsquo;occasion de la Journ\u00e9e mondiale de la s\u00e9curit\u00e9 et de la sant\u00e9 au travail, le Directeur g\u00e9n\u00e9ral de l&rsquo;Organisation internationale du travail (OIT), Guy Ryder, a lanc\u00e9 mardi un appel \u00ab pressant \u00bb en faveur de l&rsquo;instauration d&rsquo;une culture de la pr\u00e9vention pour lutter contre les conditions de travail dangereuses.<\/p>\n","protected":false},"author":136,"featured_media":2169,"comment_status":"closed","ping_status":"closed","sticky":false,"template":"","format":"standard","meta":{"_et_pb_use_builder":"","_et_pb_old_content":"","_et_gb_content_width":"","footnotes":""},"categories":[16,13,11],"tags":[],"class_list":["post-2164","post","type-post","status-publish","format-standard","has-post-thumbnail","hentry","category-news","category-inequality","category-health"],"_links":{"self":[{"href":"https:\/\/www.un.org\/sustainabledevelopment\/fr\/wp-json\/wp\/v2\/posts\/2164","targetHints":{"allow":["GET"]}}],"collection":[{"href":"https:\/\/www.un.org\/sustainabledevelopment\/fr\/wp-json\/wp\/v2\/posts"}],"about":[{"href":"https:\/\/www.un.org\/sustainabledevelopment\/fr\/wp-json\/wp\/v2\/types\/post"}],"author":[{"embeddable":true,"href":"https:\/\/www.un.org\/sustainabledevelopment\/fr\/wp-json\/wp\/v2\/users\/136"}],"replies":[{"embeddable":true,"href":"https:\/\/www.un.org\/sustainabledevelopment\/fr\/wp-json\/wp\/v2\/comments?post=2164"}],"version-history":[{"count":0,"href":"https:\/\/www.un.org\/sustainabledevelopment\/fr\/wp-json\/wp\/v2\/posts\/2164\/revisions"}],"wp:featuredmedia":[{"embeddable":true,"href":"https:\/\/www.un.org\/sustainabledevelopment\/fr\/wp-json\/wp\/v2\/media\/2169"}],"wp:attachment":[{"href":"https:\/\/www.un.org\/sustainabledevelopment\/fr\/wp-json\/wp\/v2\/media?parent=2164"}],"wp:term":[{"taxonomy":"category","embeddable":true,"href":"https:\/\/www.un.org\/sustainabledevelopment\/fr\/wp-json\/wp\/v2\/categories?post=2164"},{"taxonomy":"post_tag","embeddable":true,"href":"https:\/\/www.un.org\/sustainabledevelopment\/fr\/wp-json\/wp\/v2\/tags?post=2164"}],"curies":[{"name":"wp","href":"https:\/\/api.w.org\/{rel}","templated":true}]}}