  {"id":2174,"date":"2015-04-28T16:52:47","date_gmt":"2015-04-28T16:52:47","guid":{"rendered":"http:\/\/www.un.org\/sustainabledevelopment\/fr\/?p=2174"},"modified":"2015-05-06T18:34:21","modified_gmt":"2015-05-06T18:34:21","slug":"a-rome-ban-ki-moon-rencontre-le-pape-francois-et-discute-du-changement-climatique","status":"publish","type":"post","link":"https:\/\/www.un.org\/sustainabledevelopment\/fr\/2015\/04\/28\/a-rome-ban-ki-moon-rencontre-le-pape-francois-et-discute-du-changement-climatique\/","title":{"rendered":"A Rome, Ban Ki-moon rencontre le Pape Fran\u00e7ois et discute du changement climatique"},"content":{"rendered":"<p>A l&rsquo;occasion d&rsquo;une visite \u00e0 Rome, le Secr\u00e9taire g\u00e9n\u00e9ral de l&rsquo;ONU, Ban Ki-moon, a rencontr\u00e9 mardi matin le Pape Fran\u00e7ois, avec qui il a longuement discut\u00e9 de la question du changement climatique.<\/p>\n<p>Les deux hommes se sont rencontr\u00e9s en marge d&rsquo;un symposium sur les dimensions morales du changement climatique et du d\u00e9veloppement durable qui \u00e9tait organis\u00e9 au Vatican par l&rsquo;Acad\u00e9mie pontificale des sciences et r\u00e9unissait des leaders religieux, des repr\u00e9sentants de la soci\u00e9t\u00e9 civile et des dirigeants politiques, dont les Pr\u00e9sidents de l&rsquo;Italie et de l&rsquo;Equateur.<\/p>\n<p>\u00ab Le Secr\u00e9taire g\u00e9n\u00e9ral a dit qu&rsquo;il attendait avec impatience l&rsquo;encyclique du Pape sur le sujet \u00bb, a indiqu\u00e9 son porte-parole dans un compte-rendu de la conversation.<\/p>\n<p>Le chef de l&rsquo;ONU et le chef de l&rsquo;Eglise catholique ont \u00e9galement discut\u00e9 de l&rsquo;exclusion sociale, du trafic d&rsquo;\u00eatres humains, de toutes les formes d&rsquo;esclavage, et du r\u00f4le du sport comme outil pour l&rsquo;\u00e9ducation et le d\u00e9veloppement humain. Ils ont aussi parl\u00e9 de la situation au Soudan du Sud.<\/p>\n<p>Le Pape Fran\u00e7ois doit se rendre au si\u00e8ge des Nations Unies en septembre cette ann\u00e9e.<\/p>\n<p>Lors du symposium organis\u00e9 au Vatican, M. Ban a rappel\u00e9 que le changement climatique \u00e9tait \u00ab intrins\u00e8quement li\u00e9 \u00e0 la sant\u00e9 publique, \u00e0 la s\u00e9curit\u00e9 alimentaire et \u00e0 l&rsquo;eau, aux migrations, \u00e0 la paix et \u00e0 la s\u00e9curit\u00e9 \u00bb.<\/p>\n<p>\u00ab Il s&rsquo;agit d&rsquo;une question morale. C&rsquo;est une question de justice sociale, de droits de l&rsquo;homme et d&rsquo;\u00e9thique \u00bb, a-t-il ajout\u00e9. \u00ab Nous avons pour responsabilit\u00e9 de prot\u00e9ger le fragile r\u00e9seau de vie sur cette Terre, pour cette g\u00e9n\u00e9ration et pour celles qui suivront. C&rsquo;est pourquoi il est important que les groupes religieux \u00e0 travers le monde soient clairs sur la question, et en harmonie avec la science \u00bb.<\/p>\n<p>\u00ab La science et la religion ne sont pas en opposition sur le changement climatique. En r\u00e9alit\u00e9, elles sont pleinement align\u00e9es \u00bb, a-t-il encore dit. \u00ab Ensemble, nous devons clairement faire savoir que la science du changement climatique est solide et ne suscite pas de doutes. Le changement climatique se produit actuellement et les activit\u00e9s humaines en sont la principale cause \u00bb.<\/p>\n<p>En marge du symposium, le Secr\u00e9taire g\u00e9n\u00e9ral a \u00e9galement rencontr\u00e9 le Pr\u00e9sident de l&rsquo;Italie avec qui il a discut\u00e9 de la question des migrations.<\/p>\n<p>Ban Ki-moon s&rsquo;est ensuite envol\u00e9 pour Paris, o\u00f9 il s&rsquo;est exprim\u00e9 devant les ambassadeurs de l&rsquo;Organisation de coop\u00e9ration et de d\u00e9veloppement \u00e9conomiques (OCDE).<\/p>\n<p>Lors de cette rencontre, il a soulign\u00e9 qu&rsquo;il fallait traduire en actions \u00e0 travers le monde le programme de d\u00e9veloppement pour l&rsquo;apr\u00e8s-2015. \u00ab\u00a0L&rsquo;OCDE est un forum crucial pour aider \u00e0 construire cette dynamique\u00a0\u00bb, a-t-il dit aux participants.<\/p>\n<p>Il a rappel\u00e9 que les besoins en financement pour le d\u00e9veloppement \u00e9taient \u00e9normes. \u00ab\u00a0L&rsquo;\u00e9pargne mondiale est importante, mais les tendances actuelles en termes d&rsquo;investissement ne produisent pas un d\u00e9veloppement durable\u00a0\u00bb, a-t-il soulign\u00e9, rappelant que la conf\u00e9rence d&rsquo;Addis-Abeba en juillet sur le financement du d\u00e9veloppement repr\u00e9sentait une occasion de changer cette tendance.<\/p>\n<p>Il devait pr\u00e9sider plus tard une r\u00e9union sur l&rsquo;\u00e9ducation et participer \u00e0 une c\u00e9r\u00e9monie c\u00e9l\u00e9brant le 70\u00e8me anniversaire de l&rsquo;Organisation des Nations Unies pour l&rsquo;\u00e9ducation, la science et la culture (<a href=\"http:\/\/www.unesco.org\/new\/fr\/unesco\/\">Ä¢¹½ÊÓÆµESCO<\/a>), dont le si\u00e8ge est \u00e0 Paris.<\/p>\n","protected":false},"excerpt":{"rendered":"<p>A l&rsquo;occasion d&rsquo;une visite \u00e0 Rome, le Secr\u00e9taire g\u00e9n\u00e9ral de l&rsquo;ONU, Ban Ki-moon, a rencontr\u00e9 mardi matin le Pape Fran\u00e7ois, avec qui il a longuement discut\u00e9 de la question du changement climatique.<\/p>\n","protected":false},"author":136,"featured_media":2179,"comment_status":"closed","ping_status":"closed","sticky":false,"template":"","format":"standard","meta":{"_et_pb_use_builder":"","_et_pb_old_content":"","_et_gb_content_width":"","footnotes":""},"categories":[16,5,13,34],"tags":[],"class_list":["post-2174","post","type-post","status-publish","format-standard","has-post-thumbnail","hentry","category-news","category-climate-change","category-inequality","category-secretaire-general"],"_links":{"self":[{"href":"https:\/\/www.un.org\/sustainabledevelopment\/fr\/wp-json\/wp\/v2\/posts\/2174","targetHints":{"allow":["GET"]}}],"collection":[{"href":"https:\/\/www.un.org\/sustainabledevelopment\/fr\/wp-json\/wp\/v2\/posts"}],"about":[{"href":"https:\/\/www.un.org\/sustainabledevelopment\/fr\/wp-json\/wp\/v2\/types\/post"}],"author":[{"embeddable":true,"href":"https:\/\/www.un.org\/sustainabledevelopment\/fr\/wp-json\/wp\/v2\/users\/136"}],"replies":[{"embeddable":true,"href":"https:\/\/www.un.org\/sustainabledevelopment\/fr\/wp-json\/wp\/v2\/comments?post=2174"}],"version-history":[{"count":0,"href":"https:\/\/www.un.org\/sustainabledevelopment\/fr\/wp-json\/wp\/v2\/posts\/2174\/revisions"}],"wp:featuredmedia":[{"embeddable":true,"href":"https:\/\/www.un.org\/sustainabledevelopment\/fr\/wp-json\/wp\/v2\/media\/2179"}],"wp:attachment":[{"href":"https:\/\/www.un.org\/sustainabledevelopment\/fr\/wp-json\/wp\/v2\/media?parent=2174"}],"wp:term":[{"taxonomy":"category","embeddable":true,"href":"https:\/\/www.un.org\/sustainabledevelopment\/fr\/wp-json\/wp\/v2\/categories?post=2174"},{"taxonomy":"post_tag","embeddable":true,"href":"https:\/\/www.un.org\/sustainabledevelopment\/fr\/wp-json\/wp\/v2\/tags?post=2174"}],"curies":[{"name":"wp","href":"https:\/\/api.w.org\/{rel}","templated":true}]}}