  {"id":2184,"date":"2015-04-29T18:34:53","date_gmt":"2015-04-29T18:34:53","guid":{"rendered":"http:\/\/www.un.org\/sustainabledevelopment\/fr\/?p=2184"},"modified":"2017-11-13T12:33:30","modified_gmt":"2017-11-13T17:33:30","slug":"la-pollution-de-lair-coute-aux-economies-europeennes-1-600-milliards-de-dollars-par-an-selon-loms","status":"publish","type":"post","link":"https:\/\/www.un.org\/sustainabledevelopment\/fr\/2015\/04\/29\/la-pollution-de-lair-coute-aux-economies-europeennes-1-600-milliards-de-dollars-par-an-selon-loms\/","title":{"rendered":"La pollution de l&rsquo;air co\u00fbte aux \u00e9conomies europ\u00e9ennes 1.600 milliards de dollars par an, selon l&rsquo;OMS"},"content":{"rendered":"<p>Le co\u00fbt \u00e9conomique des quelque 600.000 d\u00e9c\u00e8s pr\u00e9matur\u00e9s et maladies provoqu\u00e9s par la pollution de l&rsquo;air en Europe atteignait, en 2010, le chiffre de 1.600 milliards de dollars, selon une \u00e9tude de l&rsquo;Organisation mondiale de la sant\u00e9 (<a href=\"http:\/\/www.who.int\/fr\/\">OMS<\/a>).<\/p>\n<p>Cette nouvelle \u00e9tude a \u00e9t\u00e9 publi\u00e9e mardi par le Bureau r\u00e9gional de l&rsquo;OMS pour l&rsquo;Europe et l&rsquo;Organisation de coop\u00e9ration et de d\u00e9veloppement \u00e9conomiques (OCDE) alors que d\u00e9bute une r\u00e9union \u00e0 haut niveau de trois jours sur l&rsquo;environnement et la sant\u00e9 en Europe. Plus de 200 repr\u00e9sentants de pays europ\u00e9ens et d&rsquo;organisations internationales et non gouvernementales sont r\u00e9unis \u00e0 Ha\u00effa (Isra\u00ebl) du 28 au 30 avril 2015 pour examiner les r\u00e9alisations, les lacunes et les difficult\u00e9s et fixer les priorit\u00e9s futures.<\/p>\n<p>\u00ab Il est rentable d&rsquo;att\u00e9nuer les effets de la pollution de l&rsquo;air sur la sant\u00e9. Les bases factuelles dont nous disposons donnent aux d\u00e9cideurs de l&rsquo;ensemble des pouvoirs publics une raison imp\u00e9rieuse d&rsquo;agir. Si diff\u00e9rents secteurs s&rsquo;unissent dans cette lutte, nous sauverons plus de vies, mais nous obtiendrons aussi des r\u00e9sultats qui vaudront des sommes d&rsquo;argent exorbitantes \u00bb, d\u00e9clare le docteur Zsuzsanna Jakab, directrice r\u00e9gionale de l&rsquo;OMS pour l&rsquo;Europe.<\/p>\n<p>\u00c0 lui seul, le co\u00fbt \u00e9conomique des d\u00e9c\u00e8s repr\u00e9sente plus de 1.400 milliards de dollars. En ajoutant encore 10% \u00e0 ce montant pour repr\u00e9senter le co\u00fbt des maladies provenant de la pollution de l&rsquo;air, on obtient un total de pr\u00e8s de 1.600 milliards de dollars. Dans pas moins de 10 des 53 pays de la R\u00e9gion europ\u00e9enne de l&rsquo;OMS, ce co\u00fbt est \u00e9gal ou sup\u00e9rieur \u00e0 20% du PIB national.<\/p>\n<p>La valeur \u00e9conomique des d\u00e9c\u00e8s et maladies dus \u00e0 la pollution de l&rsquo;air correspond au montant que les soci\u00e9t\u00e9s sont dispos\u00e9es \u00e0 payer pour \u00e9viter ces morts et maladies gr\u00e2ce aux interventions n\u00e9cessaires. Dans ces calculs, une valeur est attribu\u00e9e \u00e0 chaque d\u00e9c\u00e8s ou cas de maladie, quel que soit l&rsquo;\u00e2ge de la personne, et varie en fonction du contexte \u00e9conomique national.<\/p>\n<p>En plein air, plus de 90% des citoyens de la R\u00e9gion europ\u00e9enne sont expos\u00e9s \u00e0 des niveaux annuels de particules fines sup\u00e9rieurs aux recommandations de l&rsquo;OMS sur la qualit\u00e9 de l&rsquo;air. En 2012, cela repr\u00e9sentait 482.000 d\u00e9c\u00e8s pr\u00e9matur\u00e9s dus \u00e0 des maladies cardiaques et respiratoires, \u00e0 des maladies coronariennes et \u00e0 des accidents vasculaires c\u00e9r\u00e9braux, ainsi qu&rsquo;\u00e0 des cancers du poumon. La m\u00eame ann\u00e9e, la pollution de l&rsquo;air int\u00e9rieur a encore entra\u00een\u00e9 117.200 d\u00e9c\u00e8s pr\u00e9matur\u00e9s (cinq fois plus dans les pays \u00e0 revenus faible et moyen que dans les pays \u00e0 revenu \u00e9lev\u00e9).<\/p>\n<p>\u00ab La lutte contre la pollution de l&rsquo;air est devenue l&rsquo;une des principales priorit\u00e9s politiques. La qualit\u00e9 de l&rsquo;air sera un th\u00e8me cl\u00e9 de la prochaine conf\u00e9rence minist\u00e9rielle &lsquo;Un environnement pour l&rsquo;Europe&rsquo; qui aura lieu en G\u00e9orgie en 2016 \u00bb, d\u00e9clare Christian Friis Bach, secr\u00e9taire ex\u00e9cutif de la Commission \u00e9conomique des Nations Unies pour l&rsquo;Europe (CEE-ONU).<\/p>\n<p><a href=\"\/\/www.un.org\/apps\/newsFr\/storyF.asp?NewsID=34687#.VUpexPlVhBc\u201d\">Via le Centre d\u2019actualit\u00e9s de l\u2019ONU<\/a><\/p>\n","protected":false},"excerpt":{"rendered":"<p>Le co\u00fbt \u00e9conomique des quelque 600.000 d\u00e9c\u00e8s pr\u00e9matur\u00e9s et maladies provoqu\u00e9s par la pollution de l&rsquo;air en Europe atteignait, en 2010, le chiffre de 1.600 milliards de dollars, selon une \u00e9tude de l&rsquo;Organisation mondiale de la sant\u00e9 (OMS).<\/p>\n","protected":false},"author":136,"featured_media":2189,"comment_status":"closed","ping_status":"closed","sticky":false,"template":"","format":"standard","meta":{"_et_pb_use_builder":"","_et_pb_old_content":"","_et_gb_content_width":"","footnotes":""},"categories":[16,5,6,11],"tags":[],"class_list":["post-2184","post","type-post","status-publish","format-standard","has-post-thumbnail","hentry","category-news","category-climate-change","category-economic-growth","category-health"],"_links":{"self":[{"href":"https:\/\/www.un.org\/sustainabledevelopment\/fr\/wp-json\/wp\/v2\/posts\/2184","targetHints":{"allow":["GET"]}}],"collection":[{"href":"https:\/\/www.un.org\/sustainabledevelopment\/fr\/wp-json\/wp\/v2\/posts"}],"about":[{"href":"https:\/\/www.un.org\/sustainabledevelopment\/fr\/wp-json\/wp\/v2\/types\/post"}],"author":[{"embeddable":true,"href":"https:\/\/www.un.org\/sustainabledevelopment\/fr\/wp-json\/wp\/v2\/users\/136"}],"replies":[{"embeddable":true,"href":"https:\/\/www.un.org\/sustainabledevelopment\/fr\/wp-json\/wp\/v2\/comments?post=2184"}],"version-history":[{"count":0,"href":"https:\/\/www.un.org\/sustainabledevelopment\/fr\/wp-json\/wp\/v2\/posts\/2184\/revisions"}],"wp:featuredmedia":[{"embeddable":true,"href":"https:\/\/www.un.org\/sustainabledevelopment\/fr\/wp-json\/wp\/v2\/media\/2189"}],"wp:attachment":[{"href":"https:\/\/www.un.org\/sustainabledevelopment\/fr\/wp-json\/wp\/v2\/media?parent=2184"}],"wp:term":[{"taxonomy":"category","embeddable":true,"href":"https:\/\/www.un.org\/sustainabledevelopment\/fr\/wp-json\/wp\/v2\/categories?post=2184"},{"taxonomy":"post_tag","embeddable":true,"href":"https:\/\/www.un.org\/sustainabledevelopment\/fr\/wp-json\/wp\/v2\/tags?post=2184"}],"curies":[{"name":"wp","href":"https:\/\/api.w.org\/{rel}","templated":true}]}}