  {"id":2194,"date":"2015-05-05T18:47:37","date_gmt":"2015-05-05T18:47:37","guid":{"rendered":"http:\/\/www.un.org\/sustainabledevelopment\/fr\/?p=2194"},"modified":"2015-05-06T18:56:19","modified_gmt":"2015-05-06T18:56:19","slug":"la-fao-et-ses-partenaires-veulent-renforcer-la-securite-alimentaire-dans-la-region-mediterraneenne","status":"publish","type":"post","link":"https:\/\/www.un.org\/sustainabledevelopment\/fr\/2015\/05\/05\/la-fao-et-ses-partenaires-veulent-renforcer-la-securite-alimentaire-dans-la-region-mediterraneenne\/","title":{"rendered":"La FAO et ses partenaires veulent renforcer la s\u00e9curit\u00e9 alimentaire dans la r\u00e9gion m\u00e9diterran\u00e9enne"},"content":{"rendered":"<p>Le d\u00e9veloppement d&rsquo;une production et d&rsquo;un commerce durables dans le secteur agricole est essentiel pour la partie m\u00e9ridionale et orientale du bassin m\u00e9diterran\u00e9en o\u00f9 la plupart des pays produisent des quantit\u00e9s insuffisantes de denr\u00e9es alimentaires, a d\u00e9clar\u00e9 mardi l&rsquo;Organisation des Nations Unies pour l&rsquo;alimentation et l&rsquo;agriculture (<a href=\"http:\/\/www.fao.org\/index_fr.htm\">FAO<\/a>) \u00e0 l&rsquo;occasion d&rsquo;un \u00e9v\u00e9nement visant \u00e0 am\u00e9liorer la s\u00e9curit\u00e9 alimentaire de la r\u00e9gion.<\/p>\n<p>Afin de palier \u00e0 cette insuffisance, la FAO, la Banque europ\u00e9enne pour la reconstruction et le d\u00e9veloppement (BERD) et l&rsquo;Union pour la M\u00e9diterran\u00e9e (UpM) organisent conjointement une conf\u00e9rence de deux jours, les 5 et 6 mai 2015, intitul\u00e9e \u00ab Forum sur la contribution du secteur priv\u00e9 \u00e0 la s\u00e9curit\u00e9 alimentaire dans la partie m\u00e9ridionale et orientale du bassin m\u00e9diterran\u00e9en \u00bb.<\/p>\n<p>Cet \u00e9v\u00e9nement, qui vise \u00e0 approfondir les relations entre les secteurs public et priv\u00e9 pour mobiliser les investissements dans les syst\u00e8mes agricoles et alimentaires, a rassembl\u00e9 mardi \u00e0 Barcelone, en Espagne, des hauts responsables politiques et des repr\u00e9sentants d&rsquo;institutions financi\u00e8res, du secteur priv\u00e9, de centres de recherche et des milieux universitaires.<\/p>\n<p>\u00ab Les pays de la r\u00e9gion m\u00e9ridionale et orientale du bassin m\u00e9diterran\u00e9en importent la moiti\u00e9 de leurs produits alimentaires de base. Les importations de produits agricoles alimentaires dans la r\u00e9gion ont augment\u00e9 de 69 milliards de dollars (soit 63 %) de 2002 \u00e0 2013 \u00bb, a constat\u00e9 la FAO dans un communiqu\u00e9 de presse.<\/p>\n<p>\u00ab Parall\u00e8lement, les exportations ont quintupl\u00e9 depuis 2000, atteignant 31 milliards de dollars, ce qui refl\u00e8te notamment des hausses spectaculaires de livraisons de fruits et de l\u00e9gumes \u00e0 destination des march\u00e9s du Moyen-Orient et d&rsquo;Afrique du Nord \u00bb, a ajout\u00e9 l&rsquo;agence, pour qui cette forte demande de produits alimentaires de base est due \u00e0 la croissance rapide de la population dans cette r\u00e9gion qui dispose de ressources naturelles limit\u00e9es et est extr\u00eamement vuln\u00e9rable au changement climatique.<\/p>\n<p>Les participants au Forum tenteront de trouver le moyen de pallier au manque d&rsquo;investissement et \u00e0 la participation insuffisante du secteur priv\u00e9 dans l&rsquo;agriculture de la r\u00e9gion. Les discussions devraient notamment porter sur le d\u00e9veloppement de la production locale de fruits et de l\u00e9gumes pour l&rsquo;exportation ; la diversification accrue des fournisseurs de produits import\u00e9s et des march\u00e9s d&rsquo;exportation ; une am\u00e9lioration des politiques de passation de march\u00e9s compl\u00e9t\u00e9e par des politiques bien con\u00e7ues de r\u00e9serves strat\u00e9giques ; une meilleure structuration des fili\u00e8res du secteur alimentaire ; une augmentation des investissements dans la recherche-d\u00e9veloppement ; et la r\u00e9duction des co\u00fbts des processus d&rsquo;importation.<\/p>\n","protected":false},"excerpt":{"rendered":"<p>Le d\u00e9veloppement d&rsquo;une production et d&rsquo;un commerce durables dans le secteur agricole est essentiel pour la partie m\u00e9ridionale et orientale du bassin m\u00e9diterran\u00e9en o\u00f9 la plupart des pays produisent des quantit\u00e9s insuffisantes de denr\u00e9es alimentaires, a d\u00e9clar\u00e9 mardi l&rsquo;Organisation des Nations Unies pour l&rsquo;alimentation et l&rsquo;agriculture (FAO) \u00e0 l&rsquo;occasion d&rsquo;un \u00e9v\u00e9nement visant \u00e0 am\u00e9liorer la s\u00e9curit\u00e9 alimentaire de la r\u00e9gion.<\/p>\n","protected":false},"author":136,"featured_media":2199,"comment_status":"closed","ping_status":"closed","sticky":false,"template":"","format":"standard","meta":{"_et_pb_use_builder":"","_et_pb_old_content":"","_et_gb_content_width":"","footnotes":""},"categories":[16,12],"tags":[],"class_list":["post-2194","post","type-post","status-publish","format-standard","has-post-thumbnail","hentry","category-news","category-hunger"],"_links":{"self":[{"href":"https:\/\/www.un.org\/sustainabledevelopment\/fr\/wp-json\/wp\/v2\/posts\/2194","targetHints":{"allow":["GET"]}}],"collection":[{"href":"https:\/\/www.un.org\/sustainabledevelopment\/fr\/wp-json\/wp\/v2\/posts"}],"about":[{"href":"https:\/\/www.un.org\/sustainabledevelopment\/fr\/wp-json\/wp\/v2\/types\/post"}],"author":[{"embeddable":true,"href":"https:\/\/www.un.org\/sustainabledevelopment\/fr\/wp-json\/wp\/v2\/users\/136"}],"replies":[{"embeddable":true,"href":"https:\/\/www.un.org\/sustainabledevelopment\/fr\/wp-json\/wp\/v2\/comments?post=2194"}],"version-history":[{"count":0,"href":"https:\/\/www.un.org\/sustainabledevelopment\/fr\/wp-json\/wp\/v2\/posts\/2194\/revisions"}],"wp:featuredmedia":[{"embeddable":true,"href":"https:\/\/www.un.org\/sustainabledevelopment\/fr\/wp-json\/wp\/v2\/media\/2199"}],"wp:attachment":[{"href":"https:\/\/www.un.org\/sustainabledevelopment\/fr\/wp-json\/wp\/v2\/media?parent=2194"}],"wp:term":[{"taxonomy":"category","embeddable":true,"href":"https:\/\/www.un.org\/sustainabledevelopment\/fr\/wp-json\/wp\/v2\/categories?post=2194"},{"taxonomy":"post_tag","embeddable":true,"href":"https:\/\/www.un.org\/sustainabledevelopment\/fr\/wp-json\/wp\/v2\/tags?post=2194"}],"curies":[{"name":"wp","href":"https:\/\/api.w.org\/{rel}","templated":true}]}}