  {"id":2219,"date":"2015-04-29T19:00:05","date_gmt":"2015-04-29T19:00:05","guid":{"rendered":"http:\/\/www.un.org\/sustainabledevelopment\/fr\/?p=2219"},"modified":"2015-05-06T19:16:57","modified_gmt":"2015-05-06T19:16:57","slug":"le-monde-est-mal-prepare-contre-la-menace-de-la-resistance-aux-antibiotiques-selon-loms","status":"publish","type":"post","link":"https:\/\/www.un.org\/sustainabledevelopment\/fr\/2015\/04\/29\/le-monde-est-mal-prepare-contre-la-menace-de-la-resistance-aux-antibiotiques-selon-loms\/","title":{"rendered":"Le monde est mal pr\u00e9par\u00e9 contre la menace de la r\u00e9sistance aux antibiotiques, selon l&rsquo;OMS"},"content":{"rendered":"<p>De nombreux pays ne disposent pas de plans pour limiter l&rsquo;usage \u00e0 mauvais escient des antibiotiques et r\u00e9duire la propagation de la r\u00e9sistance aux antimicrobiens, indique un nouveau rapport de l&rsquo;Organisation mondiale de la Sant\u00e9 (<a href=\"http:\/\/www.who.int\/fr\/\">OMS<\/a>), rendu public mercredi.<\/p>\n<p>Cette \u00e9tude, intitul\u00e9e &lsquo;Analyse mondiale de la situation dans les pays: r\u00e9ponse \u00e0 la r\u00e9sistance aux antimicrobiens&rsquo;, r\u00e9v\u00e8le que malgr\u00e9 toutes les campagnes en cours et la mobilisation de nombreux gouvernements pour r\u00e9soudre ce probl\u00e8me, des lacunes majeures subsistent dans les six r\u00e9gions de l&rsquo;OMS.<\/p>\n<p>\u00ab C&rsquo;est le plus grand d\u00e9fi \u00e0 relever aujourd&rsquo;hui dans le domaine des maladies infectieuses \u00bb, a d\u00e9clar\u00e9 le Sous-Directeur g\u00e9n\u00e9ral de l&rsquo;OMS pour la s\u00e9curit\u00e9 sanitaire, Dr. Keiji Fukuda, dans un communiqu\u00e9 de presse annon\u00e7ant la publication du rapport.<\/p>\n<p>\u00ab Tous les types de micro-organismes, y compris de nombreux virus et parasites, deviennent r\u00e9sistants aux m\u00e9dicaments \u00bb, s&rsquo;est-il inqui\u00e9t\u00e9, ajoutant que le d\u00e9veloppement de bact\u00e9ries de plus en plus difficiles \u00e0 traiter \u00e0 cause des antibiotiques est un ph\u00e9nom\u00e8ne pr\u00e9occupant et particuli\u00e8rement urgent dans l&rsquo;ensemble des r\u00e9gions du monde.<\/p>\n<p>Publi\u00e9e un an apr\u00e8s le premier rapport de l&rsquo;OMS sur l&rsquo;ampleur de la r\u00e9sistance aux antimicrobiens dans le monde, cette enqu\u00eate, \u00e0 laquelle 133 pays ont particip\u00e9 entre 2013 et 2014, est la premi\u00e8re \u00e0 rendre compte de l&rsquo;action des gouvernements pour rem\u00e9dier \u00e0 la r\u00e9sistance aux antimicrobiens utilis\u00e9s pour le traitement de maladies telles que les infections sanguines, la pneumonie, la tuberculose, le paludisme et le VIH.<\/p>\n<p>\u00ab Si de nombreux \u00e9l\u00e9ments sont encourageants, il faut en faire davantage pour combattre l&rsquo;une des plus graves menaces pour la sant\u00e9 mondiale de notre \u00e9poque \u00bb, a insist\u00e9 Dr. Fukuda, rappelant que la communaut\u00e9 scientifique et m\u00e9dical est unanime sur l&rsquo;impact potentiellement catastrophique que pourrait avoir le fait d&rsquo;ignorer la r\u00e9sistance aux antibiotiques.<\/p>\n<p>Selon le rapport, peu de pays (34 sur les 133 ayant particip\u00e9 \u00e0 l&rsquo;enqu\u00eate) disposent d&rsquo;un plan national complet pour lutter contre la r\u00e9sistance aux antibiotiques et autres m\u00e9dicaments antimicrobiens.<\/p>\n<p>De plus, dans de nombreux pays, l&rsquo;insuffisance des capacit\u00e9s des laboratoires, des infrastructures et de la gestion des donn\u00e9es sont un obstacle \u00e0 la mise en place d&rsquo;une surveillance efficace, capable de suivre l&rsquo;\u00e9volution de la r\u00e9sistance, pr\u00e9cise le rapport.<\/p>\n<p>En outre, la vente d&rsquo;antibiotiques et d&rsquo;autres m\u00e9dicaments antimicrobiens sans ordonnance reste courante et de nombreux pays n&rsquo;ont pas de guides th\u00e9rapeutiques normalis\u00e9s, ce qui accro\u00eet le risque de surutilisation des m\u00e9dicaments antimicrobiens par le grand public, qui reste quant \u00e0 lui peu sensibilis\u00e9 \u00e0 ce probl\u00e8me.<\/p>\n<p>Le rapport pointe \u00e9galement du doigt l&rsquo;absence de programmes pour pr\u00e9venir et combattre les infections contract\u00e9es en milieu hospitalier dans de nombreux pays interrog\u00e9s.<\/p>\n<p>Afin de pallier \u00e0 ces diff\u00e9rentes lacunes, l&rsquo;OMS, les pays et leurs partenaires de sant\u00e9 ont \u00e9labor\u00e9 un projet de plan d&rsquo;action mondial pour combattre la r\u00e9sistance aux antimicrobiens qui sera soumis \u00e0 la Soixante-Huiti\u00e8me Assembl\u00e9e mondiale de la Sant\u00e9 en mai 2015.<\/p>\n<p>A cette occasion, il sera demand\u00e9 aux gouvernements d&rsquo;approuver ce plan et de s&rsquo;attaquer \u00e0 ce probl\u00e8me qui menace la sant\u00e9 mondiale, notamment \u00e0 travers l&rsquo;\u00e9laboration de plans nationaux complets et le renforcement des plans existants.<\/p>\n<p><a href=\"https:\/\/www.un.org\/apps\/newsFr\/storyF.asp?NewsID=34697#.VUpgdPlVhBc\">Via le Centre d\u2019actualit\u00e9s de l\u2019ONU<\/a><\/p>\n","protected":false},"excerpt":{"rendered":"<p>De nombreux pays ne disposent pas de plans pour limiter l&rsquo;usage \u00e0 mauvais escient des antibiotiques et r\u00e9duire la propagation de la r\u00e9sistance aux antimicrobiens, indique un nouveau rapport de l&rsquo;Organisation mondiale de la Sant\u00e9 (OMS), rendu public mercredi.<\/p>\n","protected":false},"author":136,"featured_media":2224,"comment_status":"closed","ping_status":"closed","sticky":false,"template":"","format":"standard","meta":{"_et_pb_use_builder":"","_et_pb_old_content":"","_et_gb_content_width":"","footnotes":""},"categories":[16,11],"tags":[],"class_list":["post-2219","post","type-post","status-publish","format-standard","has-post-thumbnail","hentry","category-news","category-health"],"_links":{"self":[{"href":"https:\/\/www.un.org\/sustainabledevelopment\/fr\/wp-json\/wp\/v2\/posts\/2219","targetHints":{"allow":["GET"]}}],"collection":[{"href":"https:\/\/www.un.org\/sustainabledevelopment\/fr\/wp-json\/wp\/v2\/posts"}],"about":[{"href":"https:\/\/www.un.org\/sustainabledevelopment\/fr\/wp-json\/wp\/v2\/types\/post"}],"author":[{"embeddable":true,"href":"https:\/\/www.un.org\/sustainabledevelopment\/fr\/wp-json\/wp\/v2\/users\/136"}],"replies":[{"embeddable":true,"href":"https:\/\/www.un.org\/sustainabledevelopment\/fr\/wp-json\/wp\/v2\/comments?post=2219"}],"version-history":[{"count":0,"href":"https:\/\/www.un.org\/sustainabledevelopment\/fr\/wp-json\/wp\/v2\/posts\/2219\/revisions"}],"wp:featuredmedia":[{"embeddable":true,"href":"https:\/\/www.un.org\/sustainabledevelopment\/fr\/wp-json\/wp\/v2\/media\/2224"}],"wp:attachment":[{"href":"https:\/\/www.un.org\/sustainabledevelopment\/fr\/wp-json\/wp\/v2\/media?parent=2219"}],"wp:term":[{"taxonomy":"category","embeddable":true,"href":"https:\/\/www.un.org\/sustainabledevelopment\/fr\/wp-json\/wp\/v2\/categories?post=2219"},{"taxonomy":"post_tag","embeddable":true,"href":"https:\/\/www.un.org\/sustainabledevelopment\/fr\/wp-json\/wp\/v2\/tags?post=2219"}],"curies":[{"name":"wp","href":"https:\/\/api.w.org\/{rel}","templated":true}]}}