  {"id":23036,"date":"2023-07-11T10:37:05","date_gmt":"2023-07-11T14:37:05","guid":{"rendered":"https:\/\/www.un.org\/sustainabledevelopment\/fr\/?p=23036"},"modified":"2023-07-11T10:37:05","modified_gmt":"2023-07-11T14:37:05","slug":"les-nations-unies-lancent-une-campagne-appelant-a-renouveler-lambition-et-laction-mondiales-en-faveur-des-objectifs-de-developpement-durable","status":"publish","type":"post","link":"https:\/\/www.un.org\/sustainabledevelopment\/fr\/2023\/07\/11\/les-nations-unies-lancent-une-campagne-appelant-a-renouveler-lambition-et-laction-mondiales-en-faveur-des-objectifs-de-developpement-durable\/","title":{"rendered":"Les Nations Unies lancent une campagne appelant \u00e0 renouveler l&rsquo;ambition et l&rsquo;action mondiales en faveur des Objectifs de d\u00e9veloppement durable"},"content":{"rendered":"<p style=\"text-align: center\"><strong>La mobilisation de l&rsquo;opinion publique pr\u00e9c\u00e8de le sommet de mi-parcours qui se tiendra en septembre aux Nations Unies \u00e0 New York.<\/strong><\/p>\n<p>&nbsp;<\/p>\n<p>New York, le 5 juillet 2023 &#8211; Les Nations Unies donnent aujourd&rsquo;hui le coup d&rsquo;envoi d&rsquo;une campagne de communication visant \u00e0 mobiliser <a href=\"https:\/\/www.un.org\/sustainabledevelopment\/fr\/\">les Objectifs de d\u00e9veloppement durable (ODD)<\/a>, la feuille de route pour les peuples et la plan\u00e8te adopt\u00e9e par les dirigeants du monde en 2015.\u00a0 \u00c0 l&rsquo;approche d&rsquo;un sommet crucial des Nations Unies en septembre, la campagne vise \u00e0 amplifier un appel urgent en faveur d&rsquo;une nouvelle action ambitieuse, \u00e0 pr\u00e9senter les Objectifs comme le mod\u00e8le de progr\u00e8s durable \u00e0 l&rsquo;\u00e9chelle mondiale et \u00e0 galvaniser le public mondial autour de ce programme partag\u00e9 pour notre avenir commun.<\/p>\n<p>\u00c0 mi-parcours de l&rsquo;\u00e9ch\u00e9ance de 2030, la promesse des ODD est en p\u00e9ril. Pour la premi\u00e8re fois depuis des d\u00e9cennies, les progr\u00e8s en mati\u00e8re de d\u00e9veloppement s&rsquo;inversent sous l&rsquo;effet combin\u00e9 des catastrophes climatiques, des conflits, de la r\u00e9cession \u00e9conomique et des effets persistants du COVID-19.<\/p>\n<p>Le sommet 2023 sur les ODD r\u00e9unira les dirigeants du monde entier au si\u00e8ge des Nations Unies \u00e0 New York les 18 et 19 septembre pour r\u00e9affirmer leurs engagements collectifs en faveur des Objectifs et la promesse de ne laisser personne de c\u00f4t\u00e9. Le Sommet repr\u00e9sente une \u00e9tape d\u00e9cisive dans la remise en route urgente de la r\u00e9alisation des ODD.<\/p>\n<p>\u00c0 partir d&rsquo;aujourd&rsquo;hui, dans le cadre d&rsquo;une activation num\u00e9rique majeure sur les plateformes et dans les pays du monde entier, la campagne des Nations Unies vise \u00e0 relancer la conversation sur les Objectifs.<\/p>\n<p>\u00ab Nous voulons rallier tout le monde aux ODD \u00bb, a d\u00e9clar\u00e9 Nanette Braun, directrice des campagnes au sein du d\u00e9partement de la communication mondiale des Nations Unies. \u00ab Nous esp\u00e9rons que les d\u00e9cideurs et les citoyens se sentiront incit\u00e9s \u00e0 participer \u00e0 la conversation et \u00e0 contribuer \u00e0 la r\u00e9alisation des Objectifs avec une d\u00e9termination et une ambition nouvelles \u00bb.<\/p>\n<p>S&rsquo;appuyant sur la roue des couleurs des ODD, la campagne utilise un nouveau syst\u00e8me visuel dynamique pour ses messages afin de cr\u00e9er un \u00e9lan, de sensibiliser et de mobiliser une action acc\u00e9l\u00e9r\u00e9e en faveur des ODD.<\/p>\n<p>L&rsquo;une des principales composantes de la campagne est l&rsquo;appel lanc\u00e9 aux citoyens pour qu&rsquo;ils agissent en faveur des ODD par l&rsquo;interm\u00e9diaire de l&rsquo;initiative des Nations Unies <a href=\"https:\/\/www.un.org\/fr\/actnow\">ActNow<\/a> pour l&rsquo;ensemble des 17 objectifs. Qu&rsquo;il s&rsquo;agisse d&rsquo;utiliser les transports publics, de collecter des fonds pour les \u00e9coles ou de s&rsquo;exprimer en faveur de l&rsquo;\u00e9galit\u00e9, la plateforme \u00e9num\u00e8re les mesures que chacun peut prendre pour acc\u00e9l\u00e9rer les progr\u00e8s en mati\u00e8re d&rsquo;ODD et cr\u00e9er une vie meilleure sur une plan\u00e8te plus saine pour tous.<\/p>\n<p>Un groupe s\u00e9lectionn\u00e9 de personnalit\u00e9s influentes du monde du spectacle, du sport et d&rsquo;ailleurs, le <a href=\"https:\/\/www.un.org\/sustainabledevelopment\/sdg-circle-of-supporters\/\">Cercle des supporters<\/a>, galvanisera ses communaut\u00e9s sur les m\u00e9dias sociaux, avec une audience globale de plus de 80 millions de personnes, pour qu&rsquo;elles prennent des mesures individuelles en faveur des ODD et fassent comprendre aux d\u00e9cideurs qu&rsquo;il est urgent d&rsquo;agir d\u00e8s maintenant.<\/p>\n<p>Pour plus d&rsquo;informations sur le sommet des ODD, voir : <a href=\"https:\/\/www.un.org\/en\/conferences\/SDGSummit2023\">https:\/\/www.un.org\/en\/conferences\/SDGSummit2023 (site en anglais)<\/a><\/p>\n<p>Hashtag : #GlobalGoals<\/p>\n<p>&nbsp;<\/p>\n<p>Contact m\u00e9dias :<\/p>\n<p><strong>Alexandra Del Castello, <\/strong>D\u00e9partement de la communication mondiale des Nations Unies, alexandra.delcastello@un.org<\/p>\n<p>&nbsp;<\/p>\n","protected":false},"excerpt":{"rendered":"<p>La mobilisation de l&rsquo;opinion publique pr\u00e9c\u00e8de le sommet de mi-parcours  [&#8230;]<\/p>\n","protected":false},"author":136,"featured_media":0,"comment_status":"closed","ping_status":"closed","sticky":false,"template":"","format":"standard","meta":{"_et_pb_use_builder":"","_et_pb_old_content":"","_et_gb_content_width":"","footnotes":""},"categories":[21],"tags":[],"class_list":["post-23036","post","type-post","status-publish","format-standard","hentry","category-press-releases"],"_links":{"self":[{"href":"https:\/\/www.un.org\/sustainabledevelopment\/fr\/wp-json\/wp\/v2\/posts\/23036","targetHints":{"allow":["GET"]}}],"collection":[{"href":"https:\/\/www.un.org\/sustainabledevelopment\/fr\/wp-json\/wp\/v2\/posts"}],"about":[{"href":"https:\/\/www.un.org\/sustainabledevelopment\/fr\/wp-json\/wp\/v2\/types\/post"}],"author":[{"embeddable":true,"href":"https:\/\/www.un.org\/sustainabledevelopment\/fr\/wp-json\/wp\/v2\/users\/136"}],"replies":[{"embeddable":true,"href":"https:\/\/www.un.org\/sustainabledevelopment\/fr\/wp-json\/wp\/v2\/comments?post=23036"}],"version-history":[{"count":0,"href":"https:\/\/www.un.org\/sustainabledevelopment\/fr\/wp-json\/wp\/v2\/posts\/23036\/revisions"}],"wp:attachment":[{"href":"https:\/\/www.un.org\/sustainabledevelopment\/fr\/wp-json\/wp\/v2\/media?parent=23036"}],"wp:term":[{"taxonomy":"category","embeddable":true,"href":"https:\/\/www.un.org\/sustainabledevelopment\/fr\/wp-json\/wp\/v2\/categories?post=23036"},{"taxonomy":"post_tag","embeddable":true,"href":"https:\/\/www.un.org\/sustainabledevelopment\/fr\/wp-json\/wp\/v2\/tags?post=23036"}],"curies":[{"name":"wp","href":"https:\/\/api.w.org\/{rel}","templated":true}]}}