  {"id":23039,"date":"2023-01-25T10:40:32","date_gmt":"2023-01-25T15:40:32","guid":{"rendered":"https:\/\/www.un.org\/sustainabledevelopment\/fr\/?p=23039"},"modified":"2023-07-11T10:40:52","modified_gmt":"2023-07-11T14:40:52","slug":"dapres-le-rapport-phare-de-lonu-la-confluence-de-multiples-crises-resulte-en-une-production-economique-mondiale-parmi-les-plus-faibles-de-ces-dernieres-decennies","status":"publish","type":"post","link":"https:\/\/www.un.org\/sustainabledevelopment\/fr\/2023\/01\/25\/dapres-le-rapport-phare-de-lonu-la-confluence-de-multiples-crises-resulte-en-une-production-economique-mondiale-parmi-les-plus-faibles-de-ces-dernieres-decennies\/","title":{"rendered":"D\u2019apr\u00e8s le rapport phare de l\u2019ONU, la confluence de multiples crises r\u00e9sulte en une production \u00e9conomique mondiale parmi les plus faibles de ces derni\u00e8res d\u00e9cennies"},"content":{"rendered":"<h2 class=\"fusion-responsive-typography-calculated\" data-fontsize=\"25\" data-lineheight=\"27.5px\">Des mesures budg\u00e9taires plus fortes sont n\u00e9cessaires pour relancer l\u2019\u00e9conomie mondiale et soutenir le programme de d\u00e9veloppement.<\/h2>\n<p><strong>New York, le 25\u00a0janvier \u2013<\/strong>\u00a0En 2022, l\u2019\u00e9conomie mondiale a \u00e9t\u00e9 \u00e9branl\u00e9e par une s\u00e9rie de chocs graves qui se sont renforc\u00e9s mutuellement\u00a0: la pand\u00e9mie de COVID-19, la guerre en Ukraine et les crises alimentaire et \u00e9nerg\u00e9tique qui en ont r\u00e9sult\u00e9, l\u2019inflation galopante, l\u2019aggravation de la dette ainsi que l\u2019urgence climatique. Dans ce contexte, la croissance de la production mondiale devrait ralentir, passant d\u2019un taux estim\u00e9 \u00e0 3\u00a0% en 2022 \u00e0 1,9\u00a0% en 2023, soit l\u2019un des taux de croissance les plus faibles de ces derni\u00e8res d\u00e9cennies, d\u2019apr\u00e8s les pr\u00e9visions \u00e9nonc\u00e9es dans le\u00a0<strong>rapport de l\u2019Organisation des Nations Unies sur la Situation et les perspectives de l\u2019\u00e9conomie mondiale en 2023<\/strong>, publi\u00e9 ce jour.<\/p>\n<p>Ce rapport fait \u00e9tat de perspectives \u00e9conomiques sombres et incertaines \u00e0 court terme. La croissance mondiale devrait enregistrer une reprise mod\u00e9r\u00e9e pour atteindre 2,7\u00a0% en 2024, lorsque certaines tendances n\u00e9gatives commenceront \u00e0 s\u2019att\u00e9nuer. Toutefois, cette reprise sera fortement tributaire du rythme et de la succession des nouveaux durcissements mon\u00e9taires, de l\u2019\u00e9volution et des cons\u00e9quences de la guerre en Ukraine ainsi que de possibles nouvelles perturbations de la cha\u00eene d\u2019approvisionnement.<\/p>\n<p>La morosit\u00e9 des perspectives \u00e9conomiques mondiales menace \u00e9galement la r\u00e9alisation des\u00a0<a href=\"https:\/\/www.un.org\/sustainabledevelopment\/fr\/\">17\u00a0objectifs de d\u00e9veloppement durable (ODD)<\/a>, alors que le\u00a0<a href=\"https:\/\/www.un.org\/en\/conferences\/SDGSummit2023\">Sommet de 2023 sur les objectifs de d\u00e9veloppement durable (en anglais)<\/a>, en septembre, marquera la moiti\u00e9 du parcours de mise en \u0153uvre du Programme de d\u00e9veloppement durable \u00e0 l\u2019horizon\u00a02030.<\/p>\n<p>\u00ab\u00a0L\u2019heure n\u2019est ni \u00e0 la r\u00e9flexion \u00e0 court terme, ni \u00e0 l\u2019aust\u00e9rit\u00e9 budg\u00e9taire irr\u00e9fl\u00e9chie qui exacerbe les in\u00e9galit\u00e9s, accro\u00eet les souffrances et risque de compromettre la r\u00e9alisation des objectifs de d\u00e9veloppement durable. Nous vivons une \u00e9poque sans pr\u00e9c\u00e9dent, qui requiert une action sans pr\u00e9c\u00e9dent\u00a0\u00bb, a d\u00e9clar\u00e9 Ant\u00f3nio\u00a0Guterres, Secr\u00e9taire g\u00e9n\u00e9ral de l\u2019ONU. \u00ab\u00a0Cette action comprend un ensemble de mesures porteuses de transformations en faveur des ODD, g\u00e9n\u00e9r\u00e9es par les efforts collectifs et concert\u00e9s de toutes les parties prenantes\u00a0\u00bb, a-t-il ajout\u00e9.<\/p>\n<p><strong>De sombres perspectives \u00e9conomiques pour les \u00e9conomies d\u00e9velopp\u00e9es comme pour les \u00e9conomies en d\u00e9veloppement<\/strong><\/p>\n<p>Dans un contexte de forte inflation, de durcissement mon\u00e9taire agressif et d\u2019incertitudes accrues, le marasme actuel a ralenti la reprise \u00e9conomique apr\u00e8s la crise de la COVID-19, faisant planer sur plusieurs pays (d\u00e9velopp\u00e9s et en d\u00e9veloppement) un risque de r\u00e9cession en 2023. La dynamique de croissance s\u2019est consid\u00e9rablement affaiblie aux \u00c9tats-Unis d\u2019Am\u00e9rique, dans l\u2019Union europ\u00e9enne et dans d\u2019autres \u00e9conomies d\u00e9velopp\u00e9es en 2022, ce qui, par de nombreuses voies, a eu des r\u00e9percussions n\u00e9gatives sur le reste de l\u2019\u00e9conomie mondiale.<\/p>\n<p>Le durcissement des conditions financi\u00e8res mondiales, associ\u00e9 \u00e0 un dollar fort, a aggrav\u00e9 la vuln\u00e9rabilit\u00e9 budg\u00e9taire et la vuln\u00e9rabilit\u00e9 face \u00e0 la dette dans les pays en d\u00e9veloppement. Depuis la fin de l\u2019ann\u00e9e\u00a02021, plus de 85\u00a0% des banques centrales du monde entier ont durci leur politique mon\u00e9taire et relev\u00e9 leurs taux d\u2019int\u00e9r\u00eat, en succession rapide, afin de ma\u00eetriser les pressions inflationnistes et d\u2019\u00e9viter la r\u00e9cession. L\u2019inflation mondiale, qui a atteint son niveau le plus \u00e9lev\u00e9 depuis plusieurs d\u00e9cennies, \u00e0 environ 9\u00a0% en 2022, devrait diminuer, mais rester \u00e0 un taux \u00e9lev\u00e9 de 6,5\u00a0% en 2023.<\/p>\n<p><strong>Une reprise de l\u2019emploi plus faible et un taux de pauvret\u00e9 en augmentation<\/strong><\/p>\n<p>La plupart des pays en d\u00e9veloppement ont connu une reprise de l\u2019emploi relativement lente en 2022 et restent confront\u00e9s \u00e0 une forte p\u00e9nurie d\u2019emplois. Les pertes disproportionn\u00e9es en mati\u00e8re d\u2019emploi qu\u2019ont connu les femmes au cours de la phase initiale de la pand\u00e9mie n\u2019ont pas \u00e9t\u00e9 enti\u00e8rement compens\u00e9es, les am\u00e9liorations provenant principalement d\u2019une reprise des emplois informels.<\/p>\n<p>D\u2019apr\u00e8s le rapport, le ralentissement de la croissance, conjugu\u00e9 \u00e0 une inflation \u00e9lev\u00e9e et \u00e0 une vuln\u00e9rabilit\u00e9 croissante face \u00e0 la dette, risque de compromettre encore davantage les r\u00e9sultats durement acquis en mati\u00e8re de d\u00e9veloppement durable et d\u2019aggraver les effets n\u00e9fastes des crises actuelles. En 2022, d\u00e9j\u00e0, le nombre de personnes confront\u00e9es \u00e0 une ins\u00e9curit\u00e9 alimentaire aigu\u00eb avait plus que doubl\u00e9 par rapport \u00e0 2019, s\u2019\u00e9levant \u00e0 pr\u00e8s de 350\u00a0millions. En plus d\u2019entraver les efforts d\u2019\u00e9radication de la pauvret\u00e9, une p\u00e9riode prolong\u00e9e de faiblesse \u00e9conomique et de ralentissement de la croissance des revenus limiterait la capacit\u00e9 des pays \u00e0 investir plus largement dans les objectifs de d\u00e9veloppement durable.<\/p>\n<p>\u00ab\u00a0Ce sont les plus vuln\u00e9rables qui sont les plus durement frapp\u00e9s par les crises actuelles, alors qu\u2019ils n\u2019en sont souvent pas responsables. La communaut\u00e9 mondiale doit redoubler d\u2019efforts conjoints pour \u00e9viter la souffrance humaine et favoriser un avenir inclusif et durable pour toutes et tous\u00a0\u00bb, a d\u00e9clar\u00e9 Li Junhua, Secr\u00e9taire g\u00e9n\u00e9ral adjoint de l\u2019ONU aux affaires \u00e9conomiques et sociales.<\/p>\n<p><strong>Il est imp\u00e9ratif de renforcer la coop\u00e9ration internationale<\/strong><\/p>\n<p>Dans le rapport, les gouvernements sont appel\u00e9s \u00e0 \u00e9viter de mettre en place une aust\u00e9rit\u00e9 budg\u00e9taire qui \u00e9toufferait la croissance et nuirait d\u00e9mesur\u00e9ment aux groupes les plus vuln\u00e9rables, compromettrait les progr\u00e8s en mati\u00e8re d\u2019\u00e9galit\u00e9 des genres et entraverait les perspectives de d\u00e9veloppement interg\u00e9n\u00e9rationnelles. Il leur est recommand\u00e9 de r\u00e9affecter les d\u00e9penses publiques et d\u2019en red\u00e9finir les priorit\u00e9s gr\u00e2ce \u00e0 des interventions strat\u00e9giques directes qui cr\u00e9eront des emplois et relanceront la croissance. Il conviendra pour cela de renforcer les syst\u00e8mes de protection sociale en continuant \u00e0 les \u00e9pauler au moyen de subventions cibl\u00e9es et temporaires, de transferts en esp\u00e8ces et de r\u00e9ductions sur les factures des services publics, qu\u2019il serait possible de compl\u00e9ter par des r\u00e9ductions des taxes \u00e0 la consommation ou des droits de douane.<\/p>\n<p>Les investissements publics strat\u00e9giques dans l\u2019\u00e9ducation, la sant\u00e9, les infrastructures num\u00e9riques, les nouvelles technologies et l\u2019att\u00e9nuation des changements climatiques ainsi que l\u2019adaptation \u00e0 ces derniers peuvent offrir d\u2019importants rendements sociaux, acc\u00e9l\u00e9rer la croissance de la productivit\u00e9 et renforcer la r\u00e9silience aux chocs \u00e9conomiques, sociaux et environnementaux.<\/p>\n<p>Les besoins suppl\u00e9mentaires de financement des ODD dans les pays en d\u00e9veloppement varient selon les sources, mais sont estim\u00e9s \u00e0 quelques milliers de milliards de dollars par an. Il est n\u00e9cessaire et urgent de renforcer les engagements internationaux pour \u00e9largir l\u2019acc\u00e8s \u00e0 l\u2019aide financi\u00e8re d\u2019urgence, pour restructurer et r\u00e9duire le fardeau de la dette dans les pays en d\u00e9veloppement et pour accro\u00eetre le financement des objectifs de d\u00e9veloppement durable.<\/p>\n<p>&nbsp;<\/p>\n<p>###<\/p>\n<p><a href=\"https:\/\/desapublications.un.org\/\">Le rapport complet est disponible \u00e0 l\u2019adresse suivante : https:\/\/desapublications.un.org\/ (en anglais)<\/a><\/p>\n<p>&nbsp;<\/p>\n<p><strong>Relations m\u00e9dias\u00a0:<\/strong><\/p>\n<p>Sharon\u00a0Birch, D\u00e9partement des communications mondiales de l\u2019ONU,\u00a0<a href=\"mailto:birchs@un.org\">birchs@un.org<\/a><\/p>\n<p>Helen\u00a0Rosengren, D\u00e9partement des affaires \u00e9conomiques et sociales de l\u2019ONU,\u00a0<a href=\"mailto:rosengrenh@un.org\">rosengrenh@un.org<\/a><\/p>\n","protected":false},"excerpt":{"rendered":"<p>Des mesures budg\u00e9taires plus fortes sont n\u00e9cessaires pour relancer l\u2019\u00e9conomie  [&#8230;]<\/p>\n","protected":false},"author":136,"featured_media":0,"comment_status":"closed","ping_status":"closed","sticky":false,"template":"","format":"standard","meta":{"_et_pb_use_builder":"","_et_pb_old_content":"","_et_gb_content_width":"","footnotes":""},"categories":[21],"tags":[],"class_list":["post-23039","post","type-post","status-publish","format-standard","hentry","category-press-releases"],"_links":{"self":[{"href":"https:\/\/www.un.org\/sustainabledevelopment\/fr\/wp-json\/wp\/v2\/posts\/23039","targetHints":{"allow":["GET"]}}],"collection":[{"href":"https:\/\/www.un.org\/sustainabledevelopment\/fr\/wp-json\/wp\/v2\/posts"}],"about":[{"href":"https:\/\/www.un.org\/sustainabledevelopment\/fr\/wp-json\/wp\/v2\/types\/post"}],"author":[{"embeddable":true,"href":"https:\/\/www.un.org\/sustainabledevelopment\/fr\/wp-json\/wp\/v2\/users\/136"}],"replies":[{"embeddable":true,"href":"https:\/\/www.un.org\/sustainabledevelopment\/fr\/wp-json\/wp\/v2\/comments?post=23039"}],"version-history":[{"count":0,"href":"https:\/\/www.un.org\/sustainabledevelopment\/fr\/wp-json\/wp\/v2\/posts\/23039\/revisions"}],"wp:attachment":[{"href":"https:\/\/www.un.org\/sustainabledevelopment\/fr\/wp-json\/wp\/v2\/media?parent=23039"}],"wp:term":[{"taxonomy":"category","embeddable":true,"href":"https:\/\/www.un.org\/sustainabledevelopment\/fr\/wp-json\/wp\/v2\/categories?post=23039"},{"taxonomy":"post_tag","embeddable":true,"href":"https:\/\/www.un.org\/sustainabledevelopment\/fr\/wp-json\/wp\/v2\/tags?post=23039"}],"curies":[{"name":"wp","href":"https:\/\/api.w.org\/{rel}","templated":true}]}}