  {"id":2357,"date":"2015-05-13T15:51:59","date_gmt":"2015-05-13T15:51:59","guid":{"rendered":"http:\/\/www.un.org\/sustainabledevelopment\/fr\/?p=2357"},"modified":"2017-11-13T12:33:28","modified_gmt":"2017-11-13T17:33:28","slug":"nous-recherchons-des-personnes-intervenant-dans-la-lutte-contre-les-changements-climatiques-pour-sadresser-a-lassemblee-generale-des-nations-unies","status":"publish","type":"post","link":"https:\/\/www.un.org\/sustainabledevelopment\/fr\/2015\/05\/13\/nous-recherchons-des-personnes-intervenant-dans-la-lutte-contre-les-changements-climatiques-pour-sadresser-a-lassemblee-generale-des-nations-unies\/","title":{"rendered":"Nous recherchons des personnes intervenant dans la lutte contre les changements climatiques pour s\u2019adresser \u00e0 l\u2019Assembl\u00e9e g\u00e9n\u00e9rale des Nations Unies"},"content":{"rendered":"<p>Avez-vous une histoire qui inspire au sujet de l\u2019action climatique ou connaissez-vous une personne qui en a une? <a href=\"\/\/bit.ly\/29Juin-ONU-climat\">Si tel est le cas, les Nations Unies veulent l\u2019entendre.<\/a><\/p>\n<p>Une recherche est en cours \u00e0 l\u2019\u00e9chelle mondiale pour trouver des orateurs de trois pays qui s\u2019adresseront \u00e0 une r\u00e9union sp\u00e9ciale de haut niveau sur les changements climatiques, pr\u00e9vue le 29\u00a0juin et convoqu\u00e9e par le Pr\u00e9sident de l\u2019Assembl\u00e9e g\u00e9n\u00e9rale, Sam\u00a0Kutesa.<\/p>\n<p>La r\u00e9union, \u00e0 laquelle participeront des ministres, des chefs d\u2019entreprise et des repr\u00e9sentants des organisations de la soci\u00e9t\u00e9 civile, aura lieu juste cinq mois avant que les pays ne se rencontrent \u00e0 Paris en d\u00e9cembre\u00a02015, pour adopter un nouvel accord universel sur les changements climatiques.<\/p>\n<p>\u00ab\u00a0Le premier objectif consiste \u00e0 v\u00e9rifier la position des \u00c9tats Membres pour savoir o\u00f9 nous en sommes. Mais nous savons aussi que le monde doit faire plus pour lutter contre les changements climatiques. Nous cherchons donc des solutions et de l\u2019inspiration d\u2019une jeune personne qui prend d\u00e9j\u00e0 des mesures efficaces contre les changements climatiques dans sa communaut\u00e9,\u00a0\u00bb a d\u00e9clar\u00e9 M.\u00a0Kutesa.<\/p>\n<p>La recherche des orateurs, notamment une jeune personne d\u2019un pays en d\u00e9veloppement, pour prendre la parole lors de la c\u00e9r\u00e9monie d\u2019ouverture, est men\u00e9e par le Service de liaison des Nations\u00a0Unies avec les organisations non gouvernementales (SLNG). En outre, le SLNG recherche des candidats pour participer \u00e0 deux autres r\u00e9unions au cours de la journ\u00e9e.<\/p>\n<p>Le SLNG demande aux candidats qui sont des repr\u00e9sentants des organisations de la soci\u00e9t\u00e9 civile de partager leur histoire de l\u2019action men\u00e9e efficacement au plan local contre les changements climatiques, afin de contribuer \u00e0 r\u00e9orienter le monde vers une trajectoire durable, qui favorise des possibilit\u00e9s \u00e9conomiques, l\u2019\u00e9galit\u00e9 et un environnement sain pour tous. Les repr\u00e9sentants de la soci\u00e9t\u00e9 civile peuvent aussi demander \u00e0 participer au Comit\u00e9 de s\u00e9lection de cette manifestation. Pour pr\u00e9senter la demande, pri\u00e8re de <a href=\"http:\/\/bit.ly\/Apply-29June-Ä¢¹½ÊÓÆµPGA-climate-change\">consulter le site<\/a>.<\/p>\n<p>Cette manifestation est le couronnement d\u2019une semaine d\u2019activit\u00e9s li\u00e9es aux changements climatiques aux Nations Unies \u00e0 New York. La semaine commence le 23\u00a0juin par une r\u00e9union des chefs d\u2019entreprise organis\u00e9e par le Pacte mondial des Nations Unies, une r\u00e9union des ministres des pays les moins avanc\u00e9s, les 26 et 27\u00a0juin, et culmine par un concert donn\u00e9 le 30\u00a0juin par des vedettes<\/p>\n","protected":false},"excerpt":{"rendered":"<p>Avez-vous une histoire qui inspire au sujet de l\u2019action climatique ou connaissez-vous une personne qui en a une? Si tel est le cas, les Nations Unies veulent l\u2019entendre.<\/p>\n","protected":false},"author":136,"featured_media":2362,"comment_status":"closed","ping_status":"closed","sticky":false,"template":"","format":"standard","meta":{"_et_pb_use_builder":"","_et_pb_old_content":"","_et_gb_content_width":"","footnotes":""},"categories":[16,5],"tags":[],"class_list":["post-2357","post","type-post","status-publish","format-standard","has-post-thumbnail","hentry","category-news","category-climate-change"],"_links":{"self":[{"href":"https:\/\/www.un.org\/sustainabledevelopment\/fr\/wp-json\/wp\/v2\/posts\/2357","targetHints":{"allow":["GET"]}}],"collection":[{"href":"https:\/\/www.un.org\/sustainabledevelopment\/fr\/wp-json\/wp\/v2\/posts"}],"about":[{"href":"https:\/\/www.un.org\/sustainabledevelopment\/fr\/wp-json\/wp\/v2\/types\/post"}],"author":[{"embeddable":true,"href":"https:\/\/www.un.org\/sustainabledevelopment\/fr\/wp-json\/wp\/v2\/users\/136"}],"replies":[{"embeddable":true,"href":"https:\/\/www.un.org\/sustainabledevelopment\/fr\/wp-json\/wp\/v2\/comments?post=2357"}],"version-history":[{"count":0,"href":"https:\/\/www.un.org\/sustainabledevelopment\/fr\/wp-json\/wp\/v2\/posts\/2357\/revisions"}],"wp:featuredmedia":[{"embeddable":true,"href":"https:\/\/www.un.org\/sustainabledevelopment\/fr\/wp-json\/wp\/v2\/media\/2362"}],"wp:attachment":[{"href":"https:\/\/www.un.org\/sustainabledevelopment\/fr\/wp-json\/wp\/v2\/media?parent=2357"}],"wp:term":[{"taxonomy":"category","embeddable":true,"href":"https:\/\/www.un.org\/sustainabledevelopment\/fr\/wp-json\/wp\/v2\/categories?post=2357"},{"taxonomy":"post_tag","embeddable":true,"href":"https:\/\/www.un.org\/sustainabledevelopment\/fr\/wp-json\/wp\/v2\/tags?post=2357"}],"curies":[{"name":"wp","href":"https:\/\/api.w.org\/{rel}","templated":true}]}}