  {"id":2377,"date":"2015-05-06T16:26:17","date_gmt":"2015-05-06T16:26:17","guid":{"rendered":"http:\/\/www.un.org\/sustainabledevelopment\/fr\/?p=2377"},"modified":"2017-11-13T12:33:29","modified_gmt":"2017-11-13T17:33:29","slug":"un-nouveau-rapport-de-lonu-souligne-le-role-parfois-neglige-des-forets-dans-la-securite-alimentaire","status":"publish","type":"post","link":"https:\/\/www.un.org\/sustainabledevelopment\/fr\/2015\/05\/06\/un-nouveau-rapport-de-lonu-souligne-le-role-parfois-neglige-des-forets-dans-la-securite-alimentaire\/","title":{"rendered":"Un nouveau rapport de l&rsquo;ONU souligne le r\u00f4le parfois n\u00e9glig\u00e9 des for\u00eats dans la s\u00e9curit\u00e9 alimentaire"},"content":{"rendered":"<p>En marge du Forum des Nations Unies sur les for\u00eats qui se d\u00e9roule actuellement au si\u00e8ge des Nations Unies \u00e0 New York, un expert de l&rsquo;ONU a d\u00e9voil\u00e9 mercredi un nouveau rapport scientifique appelant \u00e0 reconna\u00eetre l&rsquo;importance du r\u00f4le jou\u00e9 par les for\u00eats dans la s\u00e9curit\u00e9 alimentaire et la nutrition.<\/p>\n<p>Ce rapport, intitul\u00e9 &lsquo;Forests, trees and landscapes for food security and nutrition: a global assessment&rsquo; (&lsquo;Les for\u00eat, les arbres et les paysages en faveur de la s\u00e9curit\u00e9 alimentaire et de la nutrition: une \u00e9valuation globale&rsquo;), devait \u00eatre pr\u00e9sent\u00e9 dans le courant de l&rsquo;apr\u00e8s-midi devant le Forum sur les for\u00eats, qui s&rsquo;est ouvert lundi 4 mai pour une dur\u00e9e de deux semaines et doit aboutir au renforcement de l&rsquo;Arrangement international sur les for\u00eats.<\/p>\n<p>Fruit d&rsquo;une collaboration entre plus de 60 scientifiques sous l&rsquo;\u00e9gide de l&rsquo;ONU et de l&rsquo;Union internationale des instituts de recherches foresti\u00e8res (IUFRO), le document pr\u00e9sente une analyse approfondie du lien crucial existant entre les for\u00eats et la s\u00e9curit\u00e9 alimentaire.<\/p>\n<p>\u00ab Le rapport tente de mettre en lumi\u00e8re l&rsquo;apport souvent relativement n\u00e9glig\u00e9 des for\u00eats et des arbres \u00e0 l&rsquo;alimentation et \u00e0 la nutrition \u2013 une contribution qui n&rsquo;est pas forc\u00e9ment n\u00e9glig\u00e9e par les personnes qui les consomment, mais plut\u00f4t par certains discours politiques \u00bb, a d\u00e9clar\u00e9 lors d&rsquo;une conf\u00e9rence de presse le Pr\u00e9sident du Groupe d&rsquo;experts du Forum sur le lien entre les for\u00eats et la s\u00e9curit\u00e9 alimentaire, Bhaskar Vira, l&rsquo;un des principaux contributeurs de l&rsquo;\u00e9tude.<\/p>\n<p>Le rapport met notamment l&rsquo;accent sur la n\u00e9cessit\u00e9 de se montrer plus cr\u00e9atif dans la fa\u00e7on dont sont g\u00e9r\u00e9s les \u00ab paysages multifonctionnels \u00bb et de centraliser la gestion administrative des for\u00eats, aujourd&rsquo;hui majoritairement fragment\u00e9e.<\/p>\n<p>Il insiste par ailleurs sur l&rsquo;importance d&rsquo;exercer un contr\u00f4le local sur les for\u00eats, afin que les communaut\u00e9s qui en b\u00e9n\u00e9ficient soient elles-m\u00eames investies dans leur gestion.<\/p>\n<p>Etaient \u00e9galement pr\u00e9sents \u00e0 la conf\u00e9rence de presse, le Directeur du Forum des Nations Unies sur les for\u00eats, Manoel Sobral Filho, et le Directeur ex\u00e9cutif de l&rsquo;Union internationale des instituts de recherches foresti\u00e8res (IUFRO), Alexander Buck.<\/p>\n<p><a href=\"https:\/\/www.un.org\/apps\/newsFr\/storyF.asp?NewsID=34741#.VVN7HflVhBc\">Via le Centre d&rsquo;actualit\u00e9s de l&rsquo;ONU\u00a0<\/a><\/p>\n","protected":false},"excerpt":{"rendered":"<p>En marge du Forum des Nations Unies sur les for\u00eats qui se d\u00e9roule actuellement au si\u00e8ge des Nations Unies \u00e0 New York, un expert de l&rsquo;ONU a d\u00e9voil\u00e9 mercredi un nouveau rapport scientifique appelant \u00e0 reconna\u00eetre l&rsquo;importance du r\u00f4le jou\u00e9 par les for\u00eats dans la s\u00e9curit\u00e9 alimentaire et la nutrition.<\/p>\n","protected":false},"author":136,"featured_media":2382,"comment_status":"closed","ping_status":"closed","sticky":false,"template":"","format":"standard","meta":{"_et_pb_use_builder":"","_et_pb_old_content":"","_et_gb_content_width":"","footnotes":""},"categories":[16,5,12,9],"tags":[],"class_list":["post-2377","post","type-post","status-publish","format-standard","has-post-thumbnail","hentry","category-news","category-climate-change","category-hunger","category-forests-desertification-and-biodiversity"],"_links":{"self":[{"href":"https:\/\/www.un.org\/sustainabledevelopment\/fr\/wp-json\/wp\/v2\/posts\/2377","targetHints":{"allow":["GET"]}}],"collection":[{"href":"https:\/\/www.un.org\/sustainabledevelopment\/fr\/wp-json\/wp\/v2\/posts"}],"about":[{"href":"https:\/\/www.un.org\/sustainabledevelopment\/fr\/wp-json\/wp\/v2\/types\/post"}],"author":[{"embeddable":true,"href":"https:\/\/www.un.org\/sustainabledevelopment\/fr\/wp-json\/wp\/v2\/users\/136"}],"replies":[{"embeddable":true,"href":"https:\/\/www.un.org\/sustainabledevelopment\/fr\/wp-json\/wp\/v2\/comments?post=2377"}],"version-history":[{"count":0,"href":"https:\/\/www.un.org\/sustainabledevelopment\/fr\/wp-json\/wp\/v2\/posts\/2377\/revisions"}],"wp:featuredmedia":[{"embeddable":true,"href":"https:\/\/www.un.org\/sustainabledevelopment\/fr\/wp-json\/wp\/v2\/media\/2382"}],"wp:attachment":[{"href":"https:\/\/www.un.org\/sustainabledevelopment\/fr\/wp-json\/wp\/v2\/media?parent=2377"}],"wp:term":[{"taxonomy":"category","embeddable":true,"href":"https:\/\/www.un.org\/sustainabledevelopment\/fr\/wp-json\/wp\/v2\/categories?post=2377"},{"taxonomy":"post_tag","embeddable":true,"href":"https:\/\/www.un.org\/sustainabledevelopment\/fr\/wp-json\/wp\/v2\/tags?post=2377"}],"curies":[{"name":"wp","href":"https:\/\/api.w.org\/{rel}","templated":true}]}}