  {"id":2426,"date":"2015-05-18T14:51:41","date_gmt":"2015-05-18T14:51:41","guid":{"rendered":"http:\/\/www.un.org\/sustainabledevelopment\/fr\/?p=2426"},"modified":"2017-11-13T12:33:28","modified_gmt":"2017-11-13T17:33:28","slug":"lonu-appelle-la-communaute-internationale-a-sunir-contre-les-trafiquants-de-migrants-en-mediterranee","status":"publish","type":"post","link":"https:\/\/www.un.org\/sustainabledevelopment\/fr\/2015\/05\/18\/lonu-appelle-la-communaute-internationale-a-sunir-contre-les-trafiquants-de-migrants-en-mediterranee\/","title":{"rendered":"L&rsquo;ONU appelle la communaut\u00e9 internationale \u00e0 s&rsquo;unir contre les trafiquants de migrants en M\u00e9diterran\u00e9e"},"content":{"rendered":"<p>Face aux r\u00e9centes trag\u00e9dies li\u00e9es \u00e0 l&rsquo;afflux du nombre de r\u00e9fugi\u00e9s et migrants tentant de traverser la M\u00e9diterran\u00e9e au p\u00e9ril de leur vie pour atteindre l&rsquo;Europe, le Repr\u00e9sentant sp\u00e9cial du Secr\u00e9taire g\u00e9n\u00e9ral de l&rsquo;ONU pour les migrations internationales et le d\u00e9veloppement, Peter D. Sutherland, a appel\u00e9 mercredi la communaut\u00e9 internationale \u00e0 prendre des mesures de r\u00e9pression contre les trafiquants et les passeurs.<\/p>\n<p>S&rsquo;exprimant devant le Conseil de s\u00e9curit\u00e9 des Nations Unies \u00e0 l&rsquo;occasion d&rsquo;une r\u00e9union sur la coop\u00e9ration entre l&rsquo;ONU et les organisations r\u00e9gionales et sous-r\u00e9gionales, M. Sutherland a rappel\u00e9 que durant les 130 premiers jours de l&rsquo;ann\u00e9e, 1.800 personnes sont mortes noy\u00e9es en M\u00e9diterran\u00e9e, un chiffre 20 fois sup\u00e9rieur \u00e0 celui de l&rsquo;ann\u00e9e pr\u00e9c\u00e9dente sur la m\u00eame p\u00e9riode.<\/p>\n<p>Mettant en garde contre le fait que, \u00e0 ce rythme, entre 10.000 et 20.000 migrants risqueraient de trouver la mort d&rsquo;ici l&rsquo;automne 2015, le Repr\u00e9sentant sp\u00e9cial a plaid\u00e9 en faveur d&rsquo;un dialogue soutenu sur cette question entre les Nations Unies, les organisations r\u00e9gionales et les gouvernements, notamment ceux des pays d&rsquo;origine, de transit et de destination des migrants.<\/p>\n<p>M. Sutherland a notamment appel\u00e9 l&rsquo;Europe et l&rsquo;Afrique \u00e0 adopter une strat\u00e9gie commune contre les trafiquants, dont le commerce est devenu plus lucratif que celui des armes ou des drogues\u2014les migrants payent parfois jusqu&rsquo;\u00e0 15.000 dollars aux passeurs pour entreprendre la travers\u00e9e.<\/p>\n<p>Soulignant la complexit\u00e9 de cette crise, le Repr\u00e9sentant sp\u00e9cial a not\u00e9 que, \u00e0 supposer que la communaut\u00e9 internationale parvienne \u00e0 neutraliser les trafiquants, les migrants se retrouveraient bloqu\u00e9s dans un pays de transit, sans droits ni protection, d&rsquo;o\u00f9 la n\u00e9cessit\u00e9 de coop\u00e9rer avec ces pays pour trouver des solutions.<\/p>\n<p>M. Sutherland a par ailleurs estim\u00e9 que l&rsquo;ensemble de la communaut\u00e9 internationale devait partager \u00e9quitablement le fardeau des r\u00e9fugi\u00e9s, d\u00e9non\u00e7ant l&rsquo;anomalie selon laquelle la Jordanie et le Liban accueillent actuellement \u00e0 eux deux pr\u00e8s de 1,8 million de r\u00e9fugi\u00e9s syriens, qui repr\u00e9sentent par ailleurs le tiers de tous les migrants entreprenant la travers\u00e9e de la M\u00e9diterran\u00e9e.<\/p>\n<p>\u00ab Nous avons besoin de plus de pays d&rsquo;accueil et de quotas de r\u00e9installation plus larges \u00bb, a ainsi d\u00e9clar\u00e9 le Repr\u00e9sentant sp\u00e9cial, rappelant que seulement la moiti\u00e9 des 28 pays de l&rsquo;Union europ\u00e9enne sont \u00e0 l&rsquo;heure actuelle des pays d&rsquo;accueil.<\/p>\n<p><a href=\"https:\/\/www.un.org\/apps\/newsFr\/storyF.asp?NewsID=34783#.VVn5diFVhBc\">Via le Centre d&rsquo;actualit\u00e9s de l&rsquo;ONU<\/a><\/p>\n","protected":false},"excerpt":{"rendered":"<p>Face aux r\u00e9centes trag\u00e9dies li\u00e9es \u00e0 l&rsquo;afflux du nombre de  [&#8230;]<\/p>\n","protected":false},"author":146,"featured_media":2431,"comment_status":"closed","ping_status":"closed","sticky":false,"template":"","format":"standard","meta":{"_et_pb_use_builder":"","_et_pb_old_content":"","_et_gb_content_width":"","footnotes":""},"categories":[16,46],"tags":[],"class_list":["post-2426","post","type-post","status-publish","format-standard","has-post-thumbnail","hentry","category-news","category-objectifs-de-developpement-durable"],"_links":{"self":[{"href":"https:\/\/www.un.org\/sustainabledevelopment\/fr\/wp-json\/wp\/v2\/posts\/2426","targetHints":{"allow":["GET"]}}],"collection":[{"href":"https:\/\/www.un.org\/sustainabledevelopment\/fr\/wp-json\/wp\/v2\/posts"}],"about":[{"href":"https:\/\/www.un.org\/sustainabledevelopment\/fr\/wp-json\/wp\/v2\/types\/post"}],"author":[{"embeddable":true,"href":"https:\/\/www.un.org\/sustainabledevelopment\/fr\/wp-json\/wp\/v2\/users\/146"}],"replies":[{"embeddable":true,"href":"https:\/\/www.un.org\/sustainabledevelopment\/fr\/wp-json\/wp\/v2\/comments?post=2426"}],"version-history":[{"count":0,"href":"https:\/\/www.un.org\/sustainabledevelopment\/fr\/wp-json\/wp\/v2\/posts\/2426\/revisions"}],"wp:featuredmedia":[{"embeddable":true,"href":"https:\/\/www.un.org\/sustainabledevelopment\/fr\/wp-json\/wp\/v2\/media\/2431"}],"wp:attachment":[{"href":"https:\/\/www.un.org\/sustainabledevelopment\/fr\/wp-json\/wp\/v2\/media?parent=2426"}],"wp:term":[{"taxonomy":"category","embeddable":true,"href":"https:\/\/www.un.org\/sustainabledevelopment\/fr\/wp-json\/wp\/v2\/categories?post=2426"},{"taxonomy":"post_tag","embeddable":true,"href":"https:\/\/www.un.org\/sustainabledevelopment\/fr\/wp-json\/wp\/v2\/tags?post=2426"}],"curies":[{"name":"wp","href":"https:\/\/api.w.org\/{rel}","templated":true}]}}