  {"id":2461,"date":"2015-04-18T15:17:31","date_gmt":"2015-04-18T15:17:31","guid":{"rendered":"http:\/\/www.un.org\/sustainabledevelopment\/fr\/?p=2461"},"modified":"2017-11-13T12:33:33","modified_gmt":"2017-11-13T17:33:33","slug":"a-washington-ban-ki-moon-appelle-les-leaders-economiques-mondiaux-a-financer-le-developpement-durable-2","status":"publish","type":"post","link":"https:\/\/www.un.org\/sustainabledevelopment\/fr\/2015\/04\/18\/a-washington-ban-ki-moon-appelle-les-leaders-economiques-mondiaux-a-financer-le-developpement-durable-2\/","title":{"rendered":"A Washington, Ban Ki-moon appelle les leaders \u00e9conomiques mondiaux \u00e0 financer le d\u00e9veloppement durable"},"content":{"rendered":"<p>18L&rsquo;ampleur du financement sera un \u00e9l\u00e9ment cl\u00e9 de la cr\u00e9ation et de la mise en \u0153uvre d&rsquo;un programme de d\u00e9veloppement ambitieux pour l&rsquo;apr\u00e8s-2015, a d\u00e9clar\u00e9 samedi le Secr\u00e9taire g\u00e9n\u00e9ral des Nations Unies, Ban Ki-moon, tout en rappelant que le temps de l&rsquo;action mondial pour les peuples et la plan\u00e8te \u00e9tait venu.<\/p>\n<p>\u00ab Notre objectif est d&rsquo;\u00e9radiquer la pauvret\u00e9 et de parvenir \u00e0 une prosp\u00e9rit\u00e9 partag\u00e9e \u00bb, a dit le Secr\u00e9taire g\u00e9n\u00e9ral en visite \u00e0 Washington, lors d&rsquo;une r\u00e9union du Comit\u00e9 international mon\u00e9taire et financier du Fonds mon\u00e9taire international #FMI#.<\/p>\n<p>\u00ab R\u00e9alis\u00e9e judicieusement, cette transformation ne se fera pas au prix de la croissance \u00e9conomique \u00bb, a poursuivi M. Ban. \u00ab En effet, elle peut \u00eatre un catalyseur pour une croissance plus verte, plus durable et plus \u00e9quitable. En tant que dirigeants des finances publiques, vous pouvez aider \u00e0 planter les graines de cette transformation \u00bb.<\/p>\n<p>Les n\u00e9gociations devant aboutir \u00e0 un programme de d\u00e9veloppement pour l&rsquo;apr\u00e8s-2015 seront marqu\u00e9es par deux \u00e9v\u00e9nements majeurs, a ajout\u00e9 le chef de l&rsquo;ONU, se r\u00e9f\u00e9rant au Sommet sp\u00e9cial de l&rsquo;ONU qui aura lieu pour une p\u00e9riode de trois jours en septembre \u00e0 New York et aux n\u00e9gociations sur le climat cens\u00e9es intervenir en d\u00e9cembre \u00e0 Paris.<\/p>\n<p>Pour chacun de ces deux \u00e9v\u00e9nements, a-t-il observ\u00e9, le financement sera \u00ab d\u00e9terminent \u00bb, de m\u00eame que l&rsquo;\u00e9tablissement d&rsquo;un cadre de financement climatique mondial ambitieux et global afin de \u00ab stimuler l&rsquo;investissement, favoriser la croissance inclusive \u00e0 faible \u00e9mission de carbone et cr\u00e9er des emplois d\u00e9cents \u00bb.<\/p>\n<p>\u00ab Nous avons besoin d&rsquo;une trajectoire cr\u00e9dible pour r\u00e9aliser l&rsquo;objectif de 100 milliards de dollars par an d&rsquo;ici 2020, ainsi que pour rendre op\u00e9rationnel le Fonds vert pour le climat. Cet engagement a \u00e9t\u00e9 fait en 2009 lors du Sommet climatique de Copenhague \u00bb, a expliqu\u00e9 M. Ban. \u00ab Nous avons seulement mobilis\u00e9 10 milliards de capitalisation initiale pour le Fonds vert pour le climat. J&rsquo;esp\u00e8re vraiment qu&rsquo;il y aura une trajectoire, un chemin, qui sera pr\u00e9sent\u00e9 aux \u00c9tats membres \u00bb.<\/p>\n<p>Le Secr\u00e9taire g\u00e9n\u00e9ral a insist\u00e9 sur le fait que les secteurs public et priv\u00e9 devaient s&rsquo;unir afin de cr\u00e9er des mesures incitatives et des cadres r\u00e9glementaires capables de favoriser la croissance et le d\u00e9veloppement durables \u00e0 long terme. En outre, a-t-il dit, la cr\u00e9ation d&rsquo;un environnement international propice doit s&rsquo;accompagner d&rsquo;une gouvernance \u00e9conomique mondiale appropri\u00e9e.<\/p>\n<p>\u00ab L&rsquo;adoption d&rsquo;une approche holistique de financement pour le d\u00e9veloppement durable ne peut \u00eatre effective qu&rsquo;avec votre soutien actif \u00bb, a insist\u00e9 M. Ban.<\/p>\n<p>\u00ab Travaillons ensemble durant cette ann\u00e9e charni\u00e8re en faveur d&rsquo;une action mondiale pour construire un monde v\u00e9ritablement plus s\u00fbr et plus durable pour tous \u00bb, a appel\u00e9 de ses v\u0153ux le Secr\u00e9taire g\u00e9n\u00e9ral.<\/p>\n<p>Par ailleurs, dans une s\u00e9rie de remarques livr\u00e9es s\u00e9par\u00e9ment devant le Comit\u00e9 de d\u00e9veloppement du FMI, M. Ban a r\u00e9it\u00e9r\u00e9 l&rsquo;importance d&rsquo;institutions comme le FMI, le Groupe de la Banque mondiale et les banques de d\u00e9veloppement r\u00e9gional des Nations Unies pour la mise en \u0153uvre du programme de d\u00e9veloppement pour l&rsquo;apr\u00e8s-2015.<\/p>\n<p>\u00ab Il est essentiel de renforcer la coop\u00e9ration au sein du syst\u00e8me multilat\u00e9ral pour forger un paquet complet de moyens de mise en \u0153uvre \u00bb, a d\u00e9clar\u00e9 \u00e0 cette occasion le Secr\u00e9taire g\u00e9n\u00e9ral. \u00ab Cela signifie que nous avons besoin d&rsquo;un changement de paradigme dans le <b>financement du d\u00e9veloppement<\/b> durable \u00bb.<\/p>\n<p>M. Ban a ensuite insist\u00e9 sur ce qu&rsquo;il a d\u00e9crit comme les \u00ab six principes directeurs \u00bb qui, selon lui, aideront la communaut\u00e9 internationale \u00e0 r\u00e9aliser les objectifs souhait\u00e9s, \u00e0 savoir mobiliser des ressources ; attirer les fonds publics et priv\u00e9s ; d\u00e9velopper de nouveaux instruments et politiques visant \u00e0 accro\u00eetre le financement non concessionnel, et plus efficacement, \u00e0 m\u00e9langer les financements concessionnels et non concessionnels du secteur public ; mobiliser le financement climatique ; renforcer la qualit\u00e9 du financement priv\u00e9; et faciliter le transfert de technologies appropri\u00e9es comme moyen non-financier de mise en \u0153uvre.<\/p>\n<p><a href=\"https:\/\/www.un.org\/apps\/newsFr\/storyF.asp?NewsID=34629&amp;Kw1=financement+du+d%E9veloppement&amp;Kw2=&amp;Kw3=#.VZvs8vlVhBc\">Via le Centre d&rsquo;actualit\u00e9s de l&rsquo;ONU<\/a><\/p>\n","protected":false},"excerpt":{"rendered":"<p>L&rsquo;ampleur du financement sera un \u00e9l\u00e9ment cl\u00e9 de la cr\u00e9ation et de la mise en \u0153uvre d&rsquo;un programme de d\u00e9veloppement ambitieux pour l&rsquo;apr\u00e8s-2015, a d\u00e9clar\u00e9 samedi le Secr\u00e9taire g\u00e9n\u00e9ral des Nations Unies, Ban Ki-moon, tout en rappelant que le temps de l&rsquo;action mondial pour les peuples et la plan\u00e8te \u00e9tait venu.<\/p>\n","protected":false},"author":136,"featured_media":2464,"comment_status":"closed","ping_status":"closed","sticky":false,"template":"","format":"standard","meta":{"_et_pb_use_builder":"","_et_pb_old_content":"","_et_gb_content_width":"","footnotes":""},"categories":[16,41,34],"tags":[],"class_list":["post-2461","post","type-post","status-publish","format-standard","has-post-thumbnail","hentry","category-news","category-financement-du-developpement","category-secretaire-general"],"_links":{"self":[{"href":"https:\/\/www.un.org\/sustainabledevelopment\/fr\/wp-json\/wp\/v2\/posts\/2461","targetHints":{"allow":["GET"]}}],"collection":[{"href":"https:\/\/www.un.org\/sustainabledevelopment\/fr\/wp-json\/wp\/v2\/posts"}],"about":[{"href":"https:\/\/www.un.org\/sustainabledevelopment\/fr\/wp-json\/wp\/v2\/types\/post"}],"author":[{"embeddable":true,"href":"https:\/\/www.un.org\/sustainabledevelopment\/fr\/wp-json\/wp\/v2\/users\/136"}],"replies":[{"embeddable":true,"href":"https:\/\/www.un.org\/sustainabledevelopment\/fr\/wp-json\/wp\/v2\/comments?post=2461"}],"version-history":[{"count":0,"href":"https:\/\/www.un.org\/sustainabledevelopment\/fr\/wp-json\/wp\/v2\/posts\/2461\/revisions"}],"wp:featuredmedia":[{"embeddable":true,"href":"https:\/\/www.un.org\/sustainabledevelopment\/fr\/wp-json\/wp\/v2\/media\/2464"}],"wp:attachment":[{"href":"https:\/\/www.un.org\/sustainabledevelopment\/fr\/wp-json\/wp\/v2\/media?parent=2461"}],"wp:term":[{"taxonomy":"category","embeddable":true,"href":"https:\/\/www.un.org\/sustainabledevelopment\/fr\/wp-json\/wp\/v2\/categories?post=2461"},{"taxonomy":"post_tag","embeddable":true,"href":"https:\/\/www.un.org\/sustainabledevelopment\/fr\/wp-json\/wp\/v2\/tags?post=2461"}],"curies":[{"name":"wp","href":"https:\/\/api.w.org\/{rel}","templated":true}]}}