  {"id":2476,"date":"2015-06-27T15:26:42","date_gmt":"2015-06-27T15:26:42","guid":{"rendered":"http:\/\/www.un.org\/sustainabledevelopment\/fr\/?p=2476"},"modified":"2017-11-13T12:33:13","modified_gmt":"2017-11-13T17:33:13","slug":"a-luniversite-de-stanford-ban-ki-moon-appelle-a-combattre-la-pauvrete-et-le-changement-climatique","status":"publish","type":"post","link":"https:\/\/www.un.org\/sustainabledevelopment\/fr\/2015\/06\/27\/a-luniversite-de-stanford-ban-ki-moon-appelle-a-combattre-la-pauvrete-et-le-changement-climatique\/","title":{"rendered":"\u00c0 l&rsquo;Universit\u00e9 de Stanford, Ban Ki-moon appelle \u00e0 combattre la pauvret\u00e9 et le changement climatique"},"content":{"rendered":"<p>Confront\u00e9es \u00e0 une p\u00e9riode de \u00ab grands d\u00e9fis \u00bb et de \u00ab grandes opportunit\u00e9s \u00bb, les Nations Unies et la communaut\u00e9 internationale ont cette ann\u00e9e la capacit\u00e9 de jeter les bases d&rsquo;un monde meilleur, a d\u00e9clar\u00e9 vendredi le Secr\u00e9taire g\u00e9n\u00e9ral des Nations Unies, Ban Ki-moon, lors d&rsquo;une visite en Californie dans le cadre des c\u00e9l\u00e9brations des 70 ans anniversaires de la signature de la Charte de l&rsquo;ONU.<\/p>\n<p>Dans un discours prononc\u00e9 vendredi devant le corps professoral de l&rsquo;Universit\u00e9 de Stanford, \u00e0 Palo Alto, le Secr\u00e9taire g\u00e9n\u00e9ral a observ\u00e9 que le 70\u00e8me anniversaire de l&rsquo;ONU offrait \u00ab une bonne occasion de tirer les le\u00e7ons du pass\u00e9 \u00bb, mais aussi d&rsquo;alimenter \u00ab une discussion sur ce que nous pouvons faire pour b\u00e2tir un avenir meilleur \u00bb.<\/p>\n<p>A ce titre, M. Ban a \u00e9voqu\u00e9 le nouveau programme de d\u00e9veloppement durable qui sera adopt\u00e9 par la communaut\u00e9 internationale en septembre prochain \u00e0 New York. Tout comme cela a \u00e9t\u00e9 le cas sur les 15 ann\u00e9es \u00e9coul\u00e9es avec les Objectifs du Mill\u00e9naire pour le d\u00e9veloppement (<a href=\"https:\/\/www.un.org\/fr\/millenniumgoals\/\">OMD<\/a>), ce nouveau programme d\u00e9finira des Objectifs de d\u00e9veloppement durable (ODD) pour les 15 ann\u00e9es \u00e0 venir.<\/p>\n<p>\u00ab Le nouveau programme se fondera sur les gains des deux derni\u00e8res d\u00e9cennies, durant lesquelles des centaines de millions de personnes sont sorties de l&rsquo;extr\u00eame pauvret\u00e9 \u00bb, a-t-il affirm\u00e9. \u00ab Nous voulons finir le travail tout en allant encore plus loin, afin de b\u00e2tir des institutions efficaces, des soci\u00e9t\u00e9s stables et des vies de dignit\u00e9 pour tous \u00bb.<\/p>\n<p>Aux c\u00f4t\u00e9s des ODD, M. Ban a \u00e9galement mentionn\u00e9 la future conf\u00e9rence sur le financement du d\u00e9veloppement qui aura lieu \u00e0 Addis-Abeba en juillet et le prochain grand rendez-vous international sur le climat, qui se tiendra \u00e0 Paris en d\u00e9cembre 2015. Il s&rsquo;agit l\u00e0, a-t-il insist\u00e9, de trois \u00e9tapes cruciales dans l&rsquo;\u00e9radication de la pauvret\u00e9 et la lutte contre le changement climatique.<\/p>\n<p>Enum\u00e9rant les nombreux d\u00e9fis pour la paix et la s\u00e9curit\u00e9 mondiales auxquels sont actuellement confront\u00e9es les Nations Unies, de la Syrie au Y\u00e9men, en passant par le Soudan du Sud, le Secr\u00e9taire g\u00e9n\u00e9ral a insist\u00e9 sur les efforts en cours pour adapter l&rsquo;ONU \u00e0 ces enjeux modernes.<\/p>\n<p>M. Ban a notamment mentionn\u00e9 qu&rsquo;il avait entrepris un examen urgent des op\u00e9rations de paix de l&rsquo;Organisation et demand\u00e9 le renforcement des efforts de l&rsquo;ONU en faveur de la pr\u00e9vention des violations des droits humains.<\/p>\n<p>M. Ban a par ailleurs livr\u00e9 aux personnes pr\u00e9sentes un certain nombre de r\u00e9flexions sur la situation actuelle en Asie et dans le Pacifique.<\/p>\n<p>Alors que le centre de gravit\u00e9 mondial, et notamment les moteurs de la croissance et du pouvoir \u00e9conomique, continue de se d\u00e9placer progressivement vers la r\u00e9gion, le Secr\u00e9taire g\u00e9n\u00e9ral a salu\u00e9 l&rsquo;importance croissante et l&rsquo;engagement accru de l&rsquo;Inde et de la Chine sur la sc\u00e8ne internationale.<\/p>\n<p>N\u00e9anmoins, a-t-il averti, la r\u00e9gion pr\u00e9sente des d\u00e9fis qui pourraient mettre en p\u00e9ril les objectifs de prosp\u00e9rit\u00e9, de stabilit\u00e9 et de dignit\u00e9 pour tous de l&rsquo;ONU, y compris des conflits d&rsquo;int\u00e9r\u00eats en mati\u00e8re territoriale et maritime, des tensions politiques et communautaires, et des menaces s\u00e9curitaires non traditionnelles, telles que la criminalit\u00e9 transnationale organis\u00e9e.<\/p>\n<p>\u00ab J&rsquo;ai toujours appel\u00e9 toutes les parties \u00e0 r\u00e9soudre leurs diff\u00e9rends en mer de Chine du Sud d&rsquo;une mani\u00e8re pacifique et \u00e0 l&rsquo;amiable, par le dialogue et dans le respect du droit international, y compris de la Charte des Nations Unies \u00bb, a-t-il poursuivi. \u00ab Il est maintenant plus important que jamais d&rsquo;\u00e9viter des actions susceptibles de provoquer ou d&rsquo;exacerber les tensions \u00bb.<\/p>\n<p>M. Ban s&rsquo;est par ailleurs dit pr\u00e9occup\u00e9 par la situation de la minorit\u00e9 musulmane des Rohingyas au Myanmar et a regrett\u00e9 que les relations entre la Cor\u00e9e du Sud et la Cor\u00e9e du Nord soient \u00ab dans le creux de la vague \u00bb. Il s&rsquo;est cependant d\u00e9clar\u00e9 pr\u00eat \u00e0 prendre toutes les mesures n\u00e9cessaires pour am\u00e9liorer les relations entre les deux pays.<\/p>\n<p>La visite du Secr\u00e9taire g\u00e9n\u00e9ral \u00e0 San Francisco devait se prolonger dans le courant de la journ\u00e9e de samedi, durant laquelle les c\u00e9l\u00e9brations du 70\u00e8me anniversaire de l&rsquo;ONU \u00e9taient cens\u00e9es se poursuivre.<\/p>\n<p><a href=\"https:\/\/www.un.org\/apps\/newsFr\/storyF.asp?NewsID=35067&amp;Kw1\">Via le Centre d&rsquo;actualit\u00e9s de l&rsquo;ONU<\/a><\/p>\n","protected":false},"excerpt":{"rendered":"<p>Confront\u00e9es \u00e0 une p\u00e9riode de \u00ab grands d\u00e9fis \u00bb et de \u00ab grandes opportunit\u00e9s \u00bb, les Nations Unies et la communaut\u00e9 internationale ont cette ann\u00e9e la capacit\u00e9 de jeter les bases d&rsquo;un monde meilleur, a d\u00e9clar\u00e9 vendredi le Secr\u00e9taire g\u00e9n\u00e9ral des Nations Unies, Ban Ki-moon, lors d&rsquo;une visite en Californie dans le cadre des c\u00e9l\u00e9brations des 70 ans anniversaires de la signature de la Charte de l&rsquo;ONU.<\/p>\n","protected":false},"author":136,"featured_media":2479,"comment_status":"closed","ping_status":"closed","sticky":false,"template":"","format":"standard","meta":{"_et_pb_use_builder":"","_et_pb_old_content":"","_et_gb_content_width":"","footnotes":""},"categories":[16,5,41,20,34],"tags":[],"class_list":["post-2476","post","type-post","status-publish","format-standard","has-post-thumbnail","hentry","category-news","category-climate-change","category-financement-du-developpement","category-poverty","category-secretaire-general"],"_links":{"self":[{"href":"https:\/\/www.un.org\/sustainabledevelopment\/fr\/wp-json\/wp\/v2\/posts\/2476","targetHints":{"allow":["GET"]}}],"collection":[{"href":"https:\/\/www.un.org\/sustainabledevelopment\/fr\/wp-json\/wp\/v2\/posts"}],"about":[{"href":"https:\/\/www.un.org\/sustainabledevelopment\/fr\/wp-json\/wp\/v2\/types\/post"}],"author":[{"embeddable":true,"href":"https:\/\/www.un.org\/sustainabledevelopment\/fr\/wp-json\/wp\/v2\/users\/136"}],"replies":[{"embeddable":true,"href":"https:\/\/www.un.org\/sustainabledevelopment\/fr\/wp-json\/wp\/v2\/comments?post=2476"}],"version-history":[{"count":0,"href":"https:\/\/www.un.org\/sustainabledevelopment\/fr\/wp-json\/wp\/v2\/posts\/2476\/revisions"}],"wp:featuredmedia":[{"embeddable":true,"href":"https:\/\/www.un.org\/sustainabledevelopment\/fr\/wp-json\/wp\/v2\/media\/2479"}],"wp:attachment":[{"href":"https:\/\/www.un.org\/sustainabledevelopment\/fr\/wp-json\/wp\/v2\/media?parent=2476"}],"wp:term":[{"taxonomy":"category","embeddable":true,"href":"https:\/\/www.un.org\/sustainabledevelopment\/fr\/wp-json\/wp\/v2\/categories?post=2476"},{"taxonomy":"post_tag","embeddable":true,"href":"https:\/\/www.un.org\/sustainabledevelopment\/fr\/wp-json\/wp\/v2\/tags?post=2476"}],"curies":[{"name":"wp","href":"https:\/\/api.w.org\/{rel}","templated":true}]}}