  {"id":2635,"date":"2015-07-16T19:10:18","date_gmt":"2015-07-16T19:10:18","guid":{"rendered":"http:\/\/www.un.org\/sustainabledevelopment\/fr\/?p=2635"},"modified":"2017-11-13T12:33:05","modified_gmt":"2017-11-13T17:33:05","slug":"addis-abeba-ban-ki-moon-salue-laccord-historique-sur-le-financement-du-developpement","status":"publish","type":"post","link":"https:\/\/www.un.org\/sustainabledevelopment\/fr\/2015\/07\/16\/addis-abeba-ban-ki-moon-salue-laccord-historique-sur-le-financement-du-developpement\/","title":{"rendered":"ADDIS-ABEBA : Ban Ki-moon salue l&rsquo;accord historique sur le financement du d\u00e9veloppement"},"content":{"rendered":"<p>16 juillet 2015 \u2013 De retour \u00e0 New York apr\u00e8s avoir particip\u00e9 cette semaine \u00e0 la Conf\u00e9rence sur le financement du d\u00e9veloppement \u00e0 Addis-Abeba, le Secr\u00e9taire g\u00e9n\u00e9ral des Nations Unies, Ban Ki-moon, s&rsquo;est f\u00e9licit\u00e9 jeudi des nouvelles mesures audacieuses prises dans la capitale \u00e9thiopienne, en particulier l&rsquo;adoption par les Etats d&rsquo;un Programme d&rsquo;action visant \u00e0 r\u00e9former les pratiques mondiales du financement du d\u00e9veloppement.<\/p>\n<p>\u00ab Le Programme d&rsquo;action d&rsquo;Addis-Abeba est une \u00e9tape importante dans la construction d&rsquo;un monde de prosp\u00e9rit\u00e9 et de dignit\u00e9 pour tous \u00bb, s&rsquo;est f\u00e9licit\u00e9 M. Ban dans un communiqu\u00e9 de presse, tout en remerciant les deux principaux artisans de cet accord qu&rsquo;il a qualifi\u00e9 d&rsquo;\u00ab historique \u00bb, le Premier ministre \u00e9thiopien Hailemariam Desalegn et le Pr\u00e9sident de la Conf\u00e9rence Dr. Tedros Adhanom.<\/p>\n<p>\u00ab Je tiens \u00e9galement \u00e0 exprimer ma gratitude envers le Pr\u00e9sident de l&rsquo;Assembl\u00e9e g\u00e9n\u00e9rale, Sam Kutesa, pour les efforts importants qu&rsquo;il a d\u00e9ploy\u00e9s, ainsi qu&rsquo;envers les deux co-facilitateurs de l&rsquo;accord, l&rsquo;Ambassadeur de la Norv\u00e8ge, Geir Pedersen, et l&rsquo;Ambassadeur de la Guyane, George Talbot \u00bb, a-t-il ajout\u00e9.<\/p>\n<p>Le Secr\u00e9taire g\u00e9n\u00e9ral a d\u00e9clar\u00e9 que le Programme d&rsquo;action d&rsquo;Addis-Abeba permettra de revitaliser le partenariat mondial pour le d\u00e9veloppement et de disposer d&rsquo;une base solide pour la mise en \u0153uvre du programme de d\u00e9veloppement pour l&rsquo;apr\u00e8s -2015, cens\u00e9 \u00eatre adopt\u00e9 en septembre \u00e0 New York.<\/p>\n<p>En outre, a-t-il ajout\u00e9, ce Programme \u00e9tablit la marche \u00e0 suivre pour que les parties prenantes au d\u00e9veloppement durable r\u00e9alisent des investissements intelligents \u00ab dans les gens et la plan\u00e8te \u00bb.<\/p>\n<p>La Conf\u00e9rence, qui devait se cl\u00f4turer dans la journ\u00e9e, a \u00e9t\u00e9 la premi\u00e8re des trois grandes \u00e9tapes de l&rsquo;ann\u00e9e 2015, a poursuivi le chef de l&rsquo;ONU.<\/p>\n<p>\u00ab Les \u00c9tats membres ont maintenant pass\u00e9 ce premier obstacle. Maintenant, nous devons travailler encore plus dur pour garantir le succ\u00e8s du Sommet sur le d\u00e9veloppement durable en septembre \u00e0 New York et pour obtenir un accord significatif sur le changement climatique en d\u00e9cembre \u00e0 Paris \u00bb, a dit M. Ban.<\/p>\n<p>Le Secr\u00e9taire g\u00e9n\u00e9ral a par cons\u00e9quent renouvel\u00e9 son appel aux Etats \u00e0 contribuer activement \u00e0 faire de 2015 une \u00ab ann\u00e9e de transformation pour ne laisser personne de c\u00f4t\u00e9 et garantir une vie digne pour tous \u00bb.<\/p>\n<p><a href=\"https:\/\/www.un.org\/apps\/newsFr\/storyF.asp?NewsID=35187#.VagAb_lVhBc\">Via le Centre d&rsquo;actualit\u00e9s de l&rsquo;ONU<\/a><\/p>\n","protected":false},"excerpt":{"rendered":"<p>16 juillet 2015 \u2013 De retour \u00e0 New York apr\u00e8s avoir particip\u00e9 cette semaine \u00e0 la Conf\u00e9rence sur le financement du d\u00e9veloppement \u00e0 Addis-Abeba, le Secr\u00e9taire g\u00e9n\u00e9ral des Nations Unies, Ban Ki-moon, s&rsquo;est f\u00e9licit\u00e9 jeudi des nouvelles mesures audacieuses prises dans la capitale \u00e9thiopienne, en particulier l&rsquo;adoption par les Etats d&rsquo;un Programme d&rsquo;action visant \u00e0 r\u00e9former les pratiques mondiales du financement du d\u00e9veloppement.<\/p>\n","protected":false},"author":136,"featured_media":2638,"comment_status":"closed","ping_status":"closed","sticky":false,"template":"","format":"standard","meta":{"_et_pb_use_builder":"","_et_pb_old_content":"","_et_gb_content_width":"","footnotes":""},"categories":[16,41,34],"tags":[],"class_list":["post-2635","post","type-post","status-publish","format-standard","has-post-thumbnail","hentry","category-news","category-financement-du-developpement","category-secretaire-general"],"_links":{"self":[{"href":"https:\/\/www.un.org\/sustainabledevelopment\/fr\/wp-json\/wp\/v2\/posts\/2635","targetHints":{"allow":["GET"]}}],"collection":[{"href":"https:\/\/www.un.org\/sustainabledevelopment\/fr\/wp-json\/wp\/v2\/posts"}],"about":[{"href":"https:\/\/www.un.org\/sustainabledevelopment\/fr\/wp-json\/wp\/v2\/types\/post"}],"author":[{"embeddable":true,"href":"https:\/\/www.un.org\/sustainabledevelopment\/fr\/wp-json\/wp\/v2\/users\/136"}],"replies":[{"embeddable":true,"href":"https:\/\/www.un.org\/sustainabledevelopment\/fr\/wp-json\/wp\/v2\/comments?post=2635"}],"version-history":[{"count":0,"href":"https:\/\/www.un.org\/sustainabledevelopment\/fr\/wp-json\/wp\/v2\/posts\/2635\/revisions"}],"wp:featuredmedia":[{"embeddable":true,"href":"https:\/\/www.un.org\/sustainabledevelopment\/fr\/wp-json\/wp\/v2\/media\/2638"}],"wp:attachment":[{"href":"https:\/\/www.un.org\/sustainabledevelopment\/fr\/wp-json\/wp\/v2\/media?parent=2635"}],"wp:term":[{"taxonomy":"category","embeddable":true,"href":"https:\/\/www.un.org\/sustainabledevelopment\/fr\/wp-json\/wp\/v2\/categories?post=2635"},{"taxonomy":"post_tag","embeddable":true,"href":"https:\/\/www.un.org\/sustainabledevelopment\/fr\/wp-json\/wp\/v2\/tags?post=2635"}],"curies":[{"name":"wp","href":"https:\/\/api.w.org\/{rel}","templated":true}]}}