  {"id":2668,"date":"2015-07-15T16:07:27","date_gmt":"2015-07-15T16:07:27","guid":{"rendered":"http:\/\/www.un.org\/sustainabledevelopment\/fr\/?p=2668"},"modified":"2017-11-13T12:33:07","modified_gmt":"2017-11-13T17:33:07","slug":"addis-abeba-ban-ki-moon-appelle-a-investir-dans-la-jeunesse-au-nom-du-developpement-durable","status":"publish","type":"post","link":"https:\/\/www.un.org\/sustainabledevelopment\/fr\/2015\/07\/15\/addis-abeba-ban-ki-moon-appelle-a-investir-dans-la-jeunesse-au-nom-du-developpement-durable\/","title":{"rendered":"ADDIS-ABEBA : Ban Ki-moon appelle \u00e0 investir dans la jeunesse au nom du d\u00e9veloppement durable"},"content":{"rendered":"<div id=\"fullstory\">\n<p>15 juillet 2015 \u2013 A l&rsquo;occasion de la premi\u00e8re Journ\u00e9e mondiale des comp\u00e9tences des jeunes, des hauts repr\u00e9sentants des Nations Unies ont appel\u00e9 \u00e0 investir politiquement et financi\u00e8rement dans la jeunesse pour r\u00e9aliser un d\u00e9veloppement durable.<\/p>\n<p>\u00ab Je salue pour la toute premi\u00e8re fois la c\u00e9l\u00e9bration de la Journ\u00e9e mondiale des comp\u00e9tences des jeunes. Chaque ann\u00e9e, le 15 juillet, la communaut\u00e9 internationale rappellera avec force combien il importe d&rsquo;aider les jeunes \u00e0 d\u00e9velopper leurs aptitudes \u00e0 contribuer \u00e0 notre avenir commun \u00bb, a d\u00e9clar\u00e9 dans un message le Secr\u00e9taire g\u00e9n\u00e9ral de l&rsquo;ONU, Ban Ki-moon, qui participe actuellement \u00e0 la troisi\u00e8me Conf\u00e9rence internationale sur le financement du d\u00e9veloppement \u00e0 Addis-Abeba.<\/p>\n<p>Cette nouvelle Journ\u00e9e a \u00e9t\u00e9 cr\u00e9\u00e9e par l&rsquo;Assembl\u00e9e g\u00e9n\u00e9rale des Nations Unies dans le but de sensibiliser le public sur l&rsquo;importance d&rsquo;investir dans le d\u00e9veloppement des comp\u00e9tences des jeunes. A quelques mois de l&rsquo;adoption des Objectifs de d\u00e9veloppement durable (ODD) en septembre \u00e0 New York, le th\u00e8me choisi pour cette premi\u00e8re \u00e9dition de la Journ\u00e9e est : \u00ab Les comp\u00e9tences des jeunes pour le travail et la vie dans le programme pour l&rsquo;apr\u00e8s-2015 \u00bb.<\/p>\n<p>\u00ab Si d&rsquo;une mani\u00e8re g\u00e9n\u00e9rale, les jeunes ont aujourd&rsquo;hui davantage acc\u00e8s \u00e0 l&rsquo;enseignement que par le pass\u00e9, il y a cependant encore 75 millions d&rsquo;adolescents non scolaris\u00e9s, qui n&rsquo;ont pas acc\u00e8s \u00e0 un enseignement de qualit\u00e9 comme ils y ont droit et qui ne sont pas en mesure d&rsquo;acqu\u00e9rir les comp\u00e9tences dont ils ont besoin \u00bb, a constat\u00e9 le Secr\u00e9taire g\u00e9n\u00e9ral.<\/p>\n<p>Le th\u00e8me de la Journ\u00e9e s&rsquo;aligne en effet sur les futurs ODD concernant l&rsquo;\u00e9ducation, qui proposent d&rsquo;ici 2030 d&rsquo;assurer une \u00e9ducation inclusive de qualit\u00e9 et \u00e9quitable et de promouvoir des possibilit\u00e9s d&rsquo;apprentissage pour tous (ODD num\u00e9ro 4) ; ainsi que de promouvoir la croissance \u00e9conomique durable et inclusive, le plein emploi productif et un travail d\u00e9cent pour tous (ODD num\u00e9ro 8).<\/p>\n<p>\u00ab Le d\u00e9veloppement des comp\u00e9tences r\u00e9duit la pauvret\u00e9 et fait que les jeunes sont mieux arm\u00e9s pour trouver un emploi d\u00e9cent. Il engendre habilitation et estime de soi, pour le bien de tous \u00bb, a expliqu\u00e9 M. Ban.<\/p>\n<p>\u00ab En cette Journ\u00e9e, j&rsquo;appelle \u00e0 ce que l&rsquo;on s&rsquo;investisse politiquement et financi\u00e8rement dans le d\u00e9veloppement des comp\u00e9tences des jeunes pour qu&rsquo;ils puissent contribuer \u00e0 l&rsquo;\u00e9dification d&rsquo;un avenir plus juste et plus durable pour tous \u00bb, a d\u00e9clar\u00e9 le chef de l&rsquo;ONU.<\/p>\n<p>De son c\u00f4t\u00e9, l&rsquo;Envoy\u00e9 sp\u00e9cial du Secr\u00e9taire g\u00e9n\u00e9ral pour la jeunesse, Ahmad Alhendawi, a c\u00e9l\u00e9br\u00e9 la Journ\u00e9e depuis la capitale \u00e9thiopienne, o\u00f9 il participait \u00e9galement \u00e0 la Conf\u00e9rence sur le financement du d\u00e9veloppement.<\/p>\n<p>\u00ab Lorsque nous pensons \u00e0 la question du financement du d\u00e9veloppement, nous devrions penser \u00e0 investir dans l&rsquo;actif le plus important dont dispose le monde aujourd&rsquo;hui : ses jeunes \u00bb, a d\u00e9clar\u00e9 M. Alhendawi dans un entretien avec le Centre d&rsquo;actualit\u00e9s de l&rsquo;ONU.<\/p>\n<p>\u00ab L&rsquo;investissement le plus intelligent qu&rsquo;un pays puisse faire est d&rsquo;investir dans sa jeunesse \u00bb, a-t-il insist\u00e9. \u00ab Cela est vrai dans tous les pays du monde. C&rsquo;est encore plus vrai dans les pays en d\u00e9veloppement, o\u00f9 r\u00e9sident 90% des jeunes d&rsquo;aujourd&rsquo;hui \u00bb.<\/p>\n<\/div>\n<p>&nbsp;<\/p>\n","protected":false},"excerpt":{"rendered":"<p>15 juillet 2015 \u2013 A l&rsquo;occasion de la premi\u00e8re Journ\u00e9e mondiale des comp\u00e9tences des jeunes, des hauts repr\u00e9sentants des Nations Unies ont appel\u00e9 \u00e0 investir politiquement et financi\u00e8rement dans la jeunesse pour r\u00e9aliser un d\u00e9veloppement durable.<\/p>\n","protected":false},"author":136,"featured_media":2671,"comment_status":"closed","ping_status":"closed","sticky":false,"template":"","format":"standard","meta":{"_et_pb_use_builder":"","_et_pb_old_content":"","_et_gb_content_width":"","footnotes":""},"categories":[16,6,7,41,34],"tags":[],"class_list":["post-2668","post","type-post","status-publish","format-standard","has-post-thumbnail","hentry","category-news","category-economic-growth","category-education","category-financement-du-developpement","category-secretaire-general"],"_links":{"self":[{"href":"https:\/\/www.un.org\/sustainabledevelopment\/fr\/wp-json\/wp\/v2\/posts\/2668","targetHints":{"allow":["GET"]}}],"collection":[{"href":"https:\/\/www.un.org\/sustainabledevelopment\/fr\/wp-json\/wp\/v2\/posts"}],"about":[{"href":"https:\/\/www.un.org\/sustainabledevelopment\/fr\/wp-json\/wp\/v2\/types\/post"}],"author":[{"embeddable":true,"href":"https:\/\/www.un.org\/sustainabledevelopment\/fr\/wp-json\/wp\/v2\/users\/136"}],"replies":[{"embeddable":true,"href":"https:\/\/www.un.org\/sustainabledevelopment\/fr\/wp-json\/wp\/v2\/comments?post=2668"}],"version-history":[{"count":0,"href":"https:\/\/www.un.org\/sustainabledevelopment\/fr\/wp-json\/wp\/v2\/posts\/2668\/revisions"}],"wp:featuredmedia":[{"embeddable":true,"href":"https:\/\/www.un.org\/sustainabledevelopment\/fr\/wp-json\/wp\/v2\/media\/2671"}],"wp:attachment":[{"href":"https:\/\/www.un.org\/sustainabledevelopment\/fr\/wp-json\/wp\/v2\/media?parent=2668"}],"wp:term":[{"taxonomy":"category","embeddable":true,"href":"https:\/\/www.un.org\/sustainabledevelopment\/fr\/wp-json\/wp\/v2\/categories?post=2668"},{"taxonomy":"post_tag","embeddable":true,"href":"https:\/\/www.un.org\/sustainabledevelopment\/fr\/wp-json\/wp\/v2\/tags?post=2668"}],"curies":[{"name":"wp","href":"https:\/\/api.w.org\/{rel}","templated":true}]}}