  {"id":2707,"date":"2015-07-13T18:24:24","date_gmt":"2015-07-13T18:24:24","guid":{"rendered":"http:\/\/www.un.org\/sustainabledevelopment\/fr\/?p=2707"},"modified":"2017-11-13T12:33:09","modified_gmt":"2017-11-13T17:33:09","slug":"addis-abeba-lonu-lance-un-nouveau-fonds-pour-aider-a-eradiquer-la-mortalite-maternelle-et-infantile","status":"publish","type":"post","link":"https:\/\/www.un.org\/sustainabledevelopment\/fr\/2015\/07\/13\/addis-abeba-lonu-lance-un-nouveau-fonds-pour-aider-a-eradiquer-la-mortalite-maternelle-et-infantile\/","title":{"rendered":"ADDIS-ABEBA : l&rsquo;ONU lance un nouveau fonds pour aider \u00e0 \u00e9radiquer la mortalit\u00e9 maternelle et infantile"},"content":{"rendered":"<p>13 juillet 2015 \u2013 Dans de la cadre de la troisi\u00e8me Conf\u00e9rence internationale sur le financement du d\u00e9veloppement \u00e0 Addis-Abeba, en Ethiopie, le Secr\u00e9taire g\u00e9n\u00e9ral de l&rsquo;ONU, Ban Ki-moon, a annonc\u00e9 lundi le lancement d&rsquo;un nouveau m\u00e9canisme de financement des initiatives visant \u00e0 mettre fin \u00e0 la mortalit\u00e9 maternelle et infantile d&rsquo;ici 2030.<\/p>\n<p>Le Global Financing Facility (GFF \u2013 M\u00e9canisme de financement mondial) permettra de soutenir la Strat\u00e9gie mondiale pour la sant\u00e9 de la femme et de l&rsquo;enfant et l&rsquo;initiative &lsquo;Toutes les femmes, tous les enfants&rsquo; lanc\u00e9es par M. Ban en 2010, ainsi que les objectifs de d\u00e9veloppement durables (ODD) qui seront adopt\u00e9s en septembre \u00e0 New York.<\/p>\n<p>\u00ab Notre vision est claire : mettre fin \u00e0 toute les morts maternelles, infantiles et adolescentes susceptibles d&rsquo;\u00eatre \u00e9vit\u00e9es en seulement une g\u00e9n\u00e9ration et veiller \u00e0 ce que les femmes, les enfants et les adolescents puissent se d\u00e9velopper \u00bb, a d\u00e9clar\u00e9 le chef de l&rsquo;ONU lors du lancement du nouveau fonds, aux c\u00f4t\u00e9s de repr\u00e9sentants de la Banque mondiale et des gouvernements du Canada, de la Norv\u00e8ge et des Etats-Unis.<\/p>\n<p>\u00ab Mettre fin \u00e0 l&rsquo;extr\u00eame pauvret\u00e9 et promouvoir le d\u00e9veloppement et la r\u00e9silience revient avant tout \u00e0 assurer la survie, la sant\u00e9, le bien-\u00eatre et les opportunit\u00e9s \u00e9conomiques des femmes, des enfants et des adolescents partout dans le monde \u00bb, a ajout\u00e9 le Secr\u00e9taire g\u00e9n\u00e9ral.<\/p>\n<p>\u00ab Ils sont notre plus grande ressource inexploit\u00e9e pour faire avancer le programme transformatif des ODD \u00bb, a-t-il insist\u00e9.<\/p>\n<p>M. Ban a \u00e9galement annonc\u00e9 que 12 milliards de dollars de financements ont d\u00e9j\u00e0 \u00e9t\u00e9 allou\u00e9s au GFF pour financer des initiatives d&rsquo;am\u00e9lioration de la sant\u00e9 des femmes, des enfants et des adolescents dans quatre pays prioritaires, \u00e0 savoir la R\u00e9publique d\u00e9mocratique du Congo (RDC), l&rsquo;Ethiopie, le Kenya et la Tanzanie.<\/p>\n<p>Le prochain groupe de huit pays \u00e0 b\u00e9n\u00e9ficier du nouveau m\u00e9canisme sera compos\u00e9 du Bangladesh, du Cameroun, de l&rsquo;Inde, du Lib\u00e9ria, du Mozambique, du Nig\u00e9ria, du S\u00e9n\u00e9gal et de l&rsquo;Ouganda, a annonc\u00e9 le Secr\u00e9taire g\u00e9n\u00e9ral.<\/p>\n<p>\u00ab Investir pour sauver et am\u00e9liorer la vie des femmes, des enfants et des adolescents correspond non seulement \u00e0 un imp\u00e9ratif moral, mais \u00e9galement \u00e0 une logique \u00e9conomique \u00bb, a par ailleurs soulign\u00e9 M. Ban. \u00ab Cela r\u00e9duit la pauvret\u00e9 ; stimule la productivit\u00e9 et la croissance \u00e9conomique ; et cr\u00e9e des emplois \u00bb, a-t-il expliqu\u00e9.<\/p>\n<p>\u00ab Mais en d\u00e9pit de ces preuves irr\u00e9futables, le financement public et du secteur priv\u00e9 pour la sant\u00e9 des femmes et des enfants n&rsquo;a pas \u00e9t\u00e9 suffisant \u00bb, a-t-il not\u00e9, ajoutant que sans investissements suppl\u00e9mentaires, les nouveaux objectifs de d\u00e9veloppement durable ne pourront pas \u00eatre atteints.<\/p>\n","protected":false},"excerpt":{"rendered":"<p>13 juillet 2015 \u2013 Dans de la cadre de la troisi\u00e8me Conf\u00e9rence internationale sur le financement du d\u00e9veloppement \u00e0 Addis-Abeba, en Ethiopie, le Secr\u00e9taire g\u00e9n\u00e9ral de l&rsquo;ONU, Ban Ki-moon, a annonc\u00e9 lundi le lancement d&rsquo;un nouveau m\u00e9canisme de financement des initiatives visant \u00e0 mettre fin \u00e0 la mortalit\u00e9 maternelle et infantile d&rsquo;ici 2030.<\/p>\n","protected":false},"author":136,"featured_media":2710,"comment_status":"closed","ping_status":"closed","sticky":false,"template":"","format":"standard","meta":{"_et_pb_use_builder":"","_et_pb_old_content":"","_et_gb_content_width":"","footnotes":""},"categories":[16,41,46,11],"tags":[],"class_list":["post-2707","post","type-post","status-publish","format-standard","has-post-thumbnail","hentry","category-news","category-financement-du-developpement","category-objectifs-de-developpement-durable","category-health"],"_links":{"self":[{"href":"https:\/\/www.un.org\/sustainabledevelopment\/fr\/wp-json\/wp\/v2\/posts\/2707","targetHints":{"allow":["GET"]}}],"collection":[{"href":"https:\/\/www.un.org\/sustainabledevelopment\/fr\/wp-json\/wp\/v2\/posts"}],"about":[{"href":"https:\/\/www.un.org\/sustainabledevelopment\/fr\/wp-json\/wp\/v2\/types\/post"}],"author":[{"embeddable":true,"href":"https:\/\/www.un.org\/sustainabledevelopment\/fr\/wp-json\/wp\/v2\/users\/136"}],"replies":[{"embeddable":true,"href":"https:\/\/www.un.org\/sustainabledevelopment\/fr\/wp-json\/wp\/v2\/comments?post=2707"}],"version-history":[{"count":0,"href":"https:\/\/www.un.org\/sustainabledevelopment\/fr\/wp-json\/wp\/v2\/posts\/2707\/revisions"}],"wp:featuredmedia":[{"embeddable":true,"href":"https:\/\/www.un.org\/sustainabledevelopment\/fr\/wp-json\/wp\/v2\/media\/2710"}],"wp:attachment":[{"href":"https:\/\/www.un.org\/sustainabledevelopment\/fr\/wp-json\/wp\/v2\/media?parent=2707"}],"wp:term":[{"taxonomy":"category","embeddable":true,"href":"https:\/\/www.un.org\/sustainabledevelopment\/fr\/wp-json\/wp\/v2\/categories?post=2707"},{"taxonomy":"post_tag","embeddable":true,"href":"https:\/\/www.un.org\/sustainabledevelopment\/fr\/wp-json\/wp\/v2\/tags?post=2707"}],"curies":[{"name":"wp","href":"https:\/\/api.w.org\/{rel}","templated":true}]}}