  {"id":2713,"date":"2015-07-12T18:36:27","date_gmt":"2015-07-12T18:36:27","guid":{"rendered":"http:\/\/www.un.org\/sustainabledevelopment\/fr\/?p=2713"},"modified":"2017-11-13T12:33:10","modified_gmt":"2017-11-13T17:33:10","slug":"addis-abeba-ban-ki-moon-appelle-a-laction-a-la-veille-de-la-conference-sur-le-financement-du-developpement","status":"publish","type":"post","link":"https:\/\/www.un.org\/sustainabledevelopment\/fr\/2015\/07\/12\/addis-abeba-ban-ki-moon-appelle-a-laction-a-la-veille-de-la-conference-sur-le-financement-du-developpement\/","title":{"rendered":"ADDIS-ABEBA : Ban Ki-moon appelle \u00e0 l&rsquo;action \u00e0 la veille de la conf\u00e9rence sur le financement du d\u00e9veloppement"},"content":{"rendered":"<p>12 juillet 2015 \u2013 A la veille de l&rsquo;ouverture de la Conf\u00e9rence sur le financement du d\u00e9veloppement \u00e0 Addis-Abeba, en Ethiopie, le Secr\u00e9taire g\u00e9n\u00e9ral de l&rsquo;ONU, Ban Ki-moon a insist\u00e9 dimanche sur la n\u00e9cessit\u00e9 d&rsquo;agir en faveur du d\u00e9veloppement, lors d&rsquo;un forum de la soci\u00e9t\u00e9 civile organis\u00e9 en marge de cette conf\u00e9rence.<\/p>\n<p>\u201cLe Programme d&rsquo;action d&rsquo;Addis-Abeba fournit un cadre g\u00e9n\u00e9ral de financement pour le d\u00e9veloppement durable. Je sais qu&rsquo;il y a des divergences d&rsquo;opinion sur son niveau d&rsquo;ambition. Les enjeux et les attentes sont tr\u00e8s \u00e9lev\u00e9s. Les n\u00e9gociations ont \u00e9t\u00e9 tr\u00e8s difficiles\u201d, a not\u00e9 M. Ban dans un discours.<\/p>\n<p>Le chef de l&rsquo;ONU a toutefois estim\u00e9 que l&rsquo;accord \u201ccontient plusieurs engagements concrets qui n&rsquo;auraient pas \u00e9t\u00e9 l\u00e0\u201d sans l&rsquo;engagement et l&rsquo;implication de la soci\u00e9t\u00e9 civile.<\/p>\n<p>Selon lui, le v\u00e9ritable test r\u00e9sidera dans la mise en oeuvre de l&rsquo;accord d&rsquo;Addis-Abeba, alors que les besoins en financement du programme de d\u00e9veloppement pour l&rsquo;apr\u00e8s-2015 sont \u00e9normes.<\/p>\n<p>Le Secr\u00e9taire g\u00e9n\u00e9ral a estim\u00e9 que la soci\u00e9t\u00e9 civile avait un r\u00f4le \u00e0 jouer dans quatre domaines : la mobilisation des ressources au niveau national; la n\u00e9cessit\u00e9 pour les pays bailleurs de fonds de remplir leurs engagements en mati\u00e8re d&rsquo;aide publique au d\u00e9veloppement; l&rsquo;importance de la quantit\u00e9 mais aussi de la qualit\u00e9 de l&rsquo;investissement priv\u00e9; l&rsquo;importance pour la communaut\u00e9 internationale d&rsquo;aller au-del\u00e0 des divers flux financiers et d&rsquo;inclure le commerce, la dette, et les probl\u00e8mes syst\u00e9miques.<\/p>\n<p>\u201cL&rsquo;ann\u00e9e 2015 doit \u00eatre l&rsquo;ann\u00e9e d&rsquo;une action mondiale. Cette action mondiale est pour nos populations et notre plan\u00e8te Terre. Les ann\u00e9es suivantes seront celles de la mise en oeuvre\u201d, a dit M. Ban.<\/p>\n<p>Environ 30 chefs d&rsquo;\u00c9tat et de gouvernement ont pr\u00e9vu d&rsquo;assister \u00e0 la Conf\u00e9rence d&rsquo;Addis-Abeba, qui va se d\u00e9rouler du 13 au 16 juillet 2015,\u00a0ainsi que plus de 110 ministres des finances, des affaires \u00e9trang\u00e8res et de la coop\u00e9ration au d\u00e9veloppement, auxquels s&rsquo;ajouteront pr\u00e8s de 1.000 repr\u00e9sentants de la soci\u00e9t\u00e9 civile et du secteur priv\u00e9.<\/p>\n<p><a href=\"https:\/\/www.un.org\/apps\/newsFr\/storyF.asp?NewsID=35157#.Va0_8flVhBc\">Via le Centre d&rsquo;actualit\u00e9s de l&rsquo;ONU<\/a><\/p>\n","protected":false},"excerpt":{"rendered":"<p>12 juillet 2015 \u2013 A la veille de l&rsquo;ouverture de la Conf\u00e9rence sur le financement du d\u00e9veloppement \u00e0 Addis-Abeba, en Ethiopie, le Secr\u00e9taire g\u00e9n\u00e9ral de l&rsquo;ONU, Ban Ki-moon a insist\u00e9 dimanche sur la n\u00e9cessit\u00e9 d&rsquo;agir en faveur du d\u00e9veloppement, lors d&rsquo;un forum de la soci\u00e9t\u00e9 civile organis\u00e9 en marge de cette conf\u00e9rence.<\/p>\n","protected":false},"author":136,"featured_media":2716,"comment_status":"closed","ping_status":"closed","sticky":false,"template":"","format":"standard","meta":{"_et_pb_use_builder":"","_et_pb_old_content":"","_et_gb_content_width":"","footnotes":""},"categories":[16,41,34],"tags":[],"class_list":["post-2713","post","type-post","status-publish","format-standard","has-post-thumbnail","hentry","category-news","category-financement-du-developpement","category-secretaire-general"],"_links":{"self":[{"href":"https:\/\/www.un.org\/sustainabledevelopment\/fr\/wp-json\/wp\/v2\/posts\/2713","targetHints":{"allow":["GET"]}}],"collection":[{"href":"https:\/\/www.un.org\/sustainabledevelopment\/fr\/wp-json\/wp\/v2\/posts"}],"about":[{"href":"https:\/\/www.un.org\/sustainabledevelopment\/fr\/wp-json\/wp\/v2\/types\/post"}],"author":[{"embeddable":true,"href":"https:\/\/www.un.org\/sustainabledevelopment\/fr\/wp-json\/wp\/v2\/users\/136"}],"replies":[{"embeddable":true,"href":"https:\/\/www.un.org\/sustainabledevelopment\/fr\/wp-json\/wp\/v2\/comments?post=2713"}],"version-history":[{"count":0,"href":"https:\/\/www.un.org\/sustainabledevelopment\/fr\/wp-json\/wp\/v2\/posts\/2713\/revisions"}],"wp:featuredmedia":[{"embeddable":true,"href":"https:\/\/www.un.org\/sustainabledevelopment\/fr\/wp-json\/wp\/v2\/media\/2716"}],"wp:attachment":[{"href":"https:\/\/www.un.org\/sustainabledevelopment\/fr\/wp-json\/wp\/v2\/media?parent=2713"}],"wp:term":[{"taxonomy":"category","embeddable":true,"href":"https:\/\/www.un.org\/sustainabledevelopment\/fr\/wp-json\/wp\/v2\/categories?post=2713"},{"taxonomy":"post_tag","embeddable":true,"href":"https:\/\/www.un.org\/sustainabledevelopment\/fr\/wp-json\/wp\/v2\/tags?post=2713"}],"curies":[{"name":"wp","href":"https:\/\/api.w.org\/{rel}","templated":true}]}}