  {"id":2743,"date":"2015-05-25T20:13:52","date_gmt":"2015-05-25T20:13:52","guid":{"rendered":"http:\/\/www.un.org\/sustainabledevelopment\/fr\/?p=2743"},"modified":"2017-11-13T12:33:25","modified_gmt":"2017-11-13T17:33:25","slug":"journee-mondiale-de-lafrique-lonu-reitere-son-soutien-a-la-construction-dun-continent-prospere","status":"publish","type":"post","link":"https:\/\/www.un.org\/sustainabledevelopment\/fr\/2015\/05\/25\/journee-mondiale-de-lafrique-lonu-reitere-son-soutien-a-la-construction-dun-continent-prospere\/","title":{"rendered":"Journ\u00e9e mondiale de l&rsquo;Afrique : l&rsquo;ONU r\u00e9it\u00e8re son soutien \u00e0 la construction d&rsquo;un continent prosp\u00e8re"},"content":{"rendered":"<div id=\"fullstory\">\n<p>25 mai 2015 \u2013 A l&rsquo;occasion de la Journ\u00e9e mondiale de l&rsquo;Afrique qui est c\u00e9l\u00e9br\u00e9e le 25 mai, le Secr\u00e9taire g\u00e9n\u00e9ral de l&rsquo;ONU, Ban Ki-moon, a salu\u00e9 les progr\u00e8s r\u00e9alis\u00e9s par ce continent et r\u00e9it\u00e9r\u00e9 le soutien des Nations Unies \u00e0 la construction d&rsquo;une Afrique en paix et prosp\u00e8re.<\/p>\n<p>L&rsquo;\u00e9conomie africaine, qui a progress\u00e9 d&rsquo;environ 4% en 2014, conna\u00eet l&rsquo;une de ses p\u00e9riodes les plus longues de croissance \u00e9conomique ininterrompue de son histoire, permettant \u00e0 de plus en plus d&rsquo;Africains de rejoindre chaque ann\u00e9e les rangs des classes moyennes, a soulign\u00e9 M. Ban dans un message pour cette journ\u00e9e.<\/p>\n<p>\u201cGr\u00e2ce aux investissements accrus dans l&rsquo;\u00e9ducation, la sant\u00e9 et les infrastructures, les perspectives pour une grande partie de l&rsquo;Afrique sont excellentes\u201d, a-t-il soulign\u00e9.<\/p>\n<p>Le Secr\u00e9taire g\u00e9n\u00e9ral a toutefois estim\u00e9 qu&rsquo;il restait encore \u00e0 diffuser \u201cplus largement et plus profond\u00e9ment\u201d les gains engrang\u00e9s par ces progr\u00e8s, \u201cen particulier aupr\u00e8s des femmes et des filles qui repr\u00e9sentent l&rsquo;avenir de l&rsquo;Afrique\u201d.<\/p>\n<p>\u201cSi nous autonomisons les femmes, nous aidons \u00e0 construire des soci\u00e9t\u00e9s meilleures, plus \u00e9galitaires et plus prosp\u00e8res\u201d, a-t-il soulign\u00e9. Notant les progr\u00e8s d\u00e9j\u00e0 r\u00e9alis\u00e9s, il a salu\u00e9 l&rsquo;engagement de l&rsquo;Union africaine envers la parit\u00e9 et l&rsquo;autonomisation des femmes dans le cadre de son Programme pour 2063.<\/p>\n<p>Le chef de l&rsquo;ONU a aussi rappel\u00e9 que malgr\u00e9 une baisse du nombre de conflits, \u201ctrop d&rsquo;Africains continuent de faire l&rsquo;exp\u00e9rience de conflits violents\u201d. A cet \u00e9gard, il a salu\u00e9 le projet des Africains \u201cde construire, d&rsquo;ici \u00e0 2063, un continent pacifique et prosp\u00e8re, o\u00f9 la d\u00e9mocratie, les droits de l&rsquo;homme et l&rsquo;\u00e9tat de droit ont pris racines et prosp\u00e8rent\u201d.<\/p>\n<p>\u201cJe r\u00e9affirme l&rsquo;engagement des Nations Unies \u00e0 travailler avec l&rsquo;Union africaine, les communaut\u00e9s \u00e9conomiques r\u00e9gionales, les pays africains et leurs citoyens, pour faire de cette vision une r\u00e9alit\u00e9\u201d, a-t-il conclu.<\/p>\n<p><a href=\"https:\/\/www.un.org\/apps\/newsFr\/storyF.asp?NewsID=34850#.Va_5eflVhBc\">Via le Centre d&rsquo;actualit\u00e9s de l&rsquo;ONU\u00a0<\/a><\/p>\n<\/div>\n<p>&nbsp;<\/p>\n","protected":false},"excerpt":{"rendered":"<p>25 mai 2015 \u2013 A l&rsquo;occasion de la Journ\u00e9e mondiale de l&rsquo;Afrique qui est c\u00e9l\u00e9br\u00e9e le 25 mai, le Secr\u00e9taire g\u00e9n\u00e9ral de l&rsquo;ONU, Ban Ki-moon, a salu\u00e9 les progr\u00e8s r\u00e9alis\u00e9s par ce continent et r\u00e9it\u00e9r\u00e9 le soutien des Nations Unies \u00e0 la construction d&rsquo;une Afrique en paix et prosp\u00e8re.<\/p>\n","protected":false},"author":136,"featured_media":2746,"comment_status":"closed","ping_status":"closed","sticky":false,"template":"","format":"standard","meta":{"_et_pb_use_builder":"","_et_pb_old_content":"","_et_gb_content_width":"","footnotes":""},"categories":[16,6,10],"tags":[],"class_list":["post-2743","post","type-post","status-publish","format-standard","has-post-thumbnail","hentry","category-news","category-economic-growth","category-gender-equality"],"_links":{"self":[{"href":"https:\/\/www.un.org\/sustainabledevelopment\/fr\/wp-json\/wp\/v2\/posts\/2743","targetHints":{"allow":["GET"]}}],"collection":[{"href":"https:\/\/www.un.org\/sustainabledevelopment\/fr\/wp-json\/wp\/v2\/posts"}],"about":[{"href":"https:\/\/www.un.org\/sustainabledevelopment\/fr\/wp-json\/wp\/v2\/types\/post"}],"author":[{"embeddable":true,"href":"https:\/\/www.un.org\/sustainabledevelopment\/fr\/wp-json\/wp\/v2\/users\/136"}],"replies":[{"embeddable":true,"href":"https:\/\/www.un.org\/sustainabledevelopment\/fr\/wp-json\/wp\/v2\/comments?post=2743"}],"version-history":[{"count":0,"href":"https:\/\/www.un.org\/sustainabledevelopment\/fr\/wp-json\/wp\/v2\/posts\/2743\/revisions"}],"wp:featuredmedia":[{"embeddable":true,"href":"https:\/\/www.un.org\/sustainabledevelopment\/fr\/wp-json\/wp\/v2\/media\/2746"}],"wp:attachment":[{"href":"https:\/\/www.un.org\/sustainabledevelopment\/fr\/wp-json\/wp\/v2\/media?parent=2743"}],"wp:term":[{"taxonomy":"category","embeddable":true,"href":"https:\/\/www.un.org\/sustainabledevelopment\/fr\/wp-json\/wp\/v2\/categories?post=2743"},{"taxonomy":"post_tag","embeddable":true,"href":"https:\/\/www.un.org\/sustainabledevelopment\/fr\/wp-json\/wp\/v2\/tags?post=2743"}],"curies":[{"name":"wp","href":"https:\/\/api.w.org\/{rel}","templated":true}]}}