  {"id":2749,"date":"2015-05-27T20:46:53","date_gmt":"2015-05-27T20:46:53","guid":{"rendered":"http:\/\/www.un.org\/sustainabledevelopment\/fr\/?p=2749"},"modified":"2017-11-13T12:33:24","modified_gmt":"2017-11-13T17:33:24","slug":"le-nombre-de-personnes-souffrant-de-la-faim-passe-sous-la-barre-des-800-millions-selon-lonu","status":"publish","type":"post","link":"https:\/\/www.un.org\/sustainabledevelopment\/fr\/2015\/05\/27\/le-nombre-de-personnes-souffrant-de-la-faim-passe-sous-la-barre-des-800-millions-selon-lonu\/","title":{"rendered":"Le nombre de personnes souffrant de la faim passe sous la barre des 800 millions, selon l&rsquo;ONU"},"content":{"rendered":"<div id=\"fullstory\">\n<p>27 mai 2015 \u2013 Le nombre de personnes victimes de la faim dans le monde est pass\u00e9 sous la barre des 800 millions, ont annonc\u00e9 mercredi l&rsquo;Organisation des Nations Unies pour l&rsquo;alimentation et l&rsquo;agriculture (<a href=\"http:\/\/www.fao.org\/index_fr.htm\">FAO<\/a>), le Fonds international de d\u00e9veloppement agricole (FIDA) et le Programme alimentaire mondial (<a href=\"http:\/\/fr.wfp.org\/\">PAM<\/a>).<\/p>\n<p>Ce chiffre s&rsquo;\u00e9tablit pr\u00e9cis\u00e9ment \u00e0 795 millions, soit 216 millions de moins que pour la p\u00e9riode 1990-92, d&rsquo;apr\u00e8s la derni\u00e8re \u00e9dition du rapport annuel des Nations Unies intitul\u00e9 &lsquo;L&rsquo;Etat de l&rsquo;ins\u00e9curit\u00e9 alimentaire dans le monde 2015&rsquo;.<\/p>\n<p>Dans les r\u00e9gions en d\u00e9veloppement, la pr\u00e9valence de la sous-alimentation \u2013 qui mesure la proportion de personnes priv\u00e9es de la nourriture indispensable pour mener une vie saine et active \u2013 est tomb\u00e9e \u00e0 12,9% de la population, par rapport aux 23,3% enregistr\u00e9s il y a un quart de si\u00e8cle.<\/p>\n<p>Une majorit\u00e9 des pays faisant l&rsquo;objet d&rsquo;un suivi par la FAO (72 sur 129) ont atteint la cible de l&rsquo;Objectif du Mill\u00e9naire pour le d\u00e9veloppement, consistant \u00e0 r\u00e9duire de moiti\u00e9 la pr\u00e9valence de la sous-alimentation d&rsquo;ici 2015. Les r\u00e9gions en d\u00e9veloppement dans leur ensemble, quant \u00e0 elles, l&rsquo;ont manqu\u00e9 de peu. Par ailleurs, 29 pays ont r\u00e9alis\u00e9 l&rsquo;objectif plus ambitieux \u00e9nonc\u00e9 au Sommet mondial de l&rsquo;alimentation en 1996 : diviser par deux le nombre absolu de personnes sous-aliment\u00e9es d&rsquo;ici 2015.<\/p>\n<p>\u00ab La quasi-r\u00e9alisation des cibles de l&rsquo;OMD relatives \u00e0 la faim nous montre que nous sommes tout \u00e0 fait en mesure d&rsquo;\u00e9liminer la faim de notre vivant. Nous devons \u00eatre la g\u00e9n\u00e9ration Faim Z\u00e9ro. Ce but devrait \u00eatre incorpor\u00e9 dans toutes les interventions de politique et au c\u0153ur m\u00eame du nouvel agenda de d\u00e9veloppement durable qui sera mis en place cette ann\u00e9e \u00bb, a d\u00e9clar\u00e9 le Directeur g\u00e9n\u00e9ral de la FAO, Jos\u00e9 Graziano da Silva.<\/p>\n<p>\u00ab Si nous aspirons r\u00e9ellement \u00e0 cr\u00e9er un monde exempt de pauvret\u00e9 et de faim, notre priorit\u00e9 doit \u00eatre d&rsquo;investir dans les zones rurales des pays en d\u00e9veloppement o\u00f9 vivent la plupart des populations les plus pauvres et les plus affam\u00e9es de la plan\u00e8te \u00bb, a soulign\u00e9 de son c\u00f4t\u00e9 le Pr\u00e9sident du FIDA, Kanayo F. Nwanze.<\/p>\n<p>La Directrice ex\u00e9cutive du PAM, Ertharin Cousin, a rappel\u00e9 pour sa part que \u00ab les hommes, les femmes et les enfants ont besoin d&rsquo;une alimentation nutritive tous les jours pour avoir une chance d&rsquo;acc\u00e9der \u00e0 un avenir libre et prosp\u00e8re \u00bb.<\/p>\n<p>Selon le rapport, les progr\u00e8s sont d&rsquo;autant plus notables qu&rsquo;ils ont \u00e9t\u00e9 r\u00e9alis\u00e9s dans un environnement \u00e9conomique mondial difficile.<\/p>\n<p>Ph\u00e9nom\u00e8nes m\u00e9t\u00e9orologiques extr\u00eames, catastrophes naturelles, instabilit\u00e9 politique et troubles int\u00e9rieurs sont autant de facteurs responsables de cette situation. Vingt-quatre pays d&rsquo;Afrique sont actuellement confront\u00e9s \u00e0 des crises alimentaires, soit le double par rapport \u00e0 1990; une personne affam\u00e9e sur 5 environ vit dans des conditions de crise caract\u00e9ris\u00e9es par une faible gouvernance et une vuln\u00e9rabilit\u00e9 aigu\u00eb \u00e0 la mort et \u00e0 la maladie.<\/p>\n<p>Au cours des trente derni\u00e8res ann\u00e9es, les crises ont \u00e9volu\u00e9, passant d&rsquo;\u00e9v\u00e9nements catastrophiques, \u00e0 court terme, intenses et \u00e0 haute visibilit\u00e9, \u00e0 des situations prolong\u00e9es, du fait de toute une s\u00e9rie de facteurs, en particulier de catastrophes naturelles et de conflits, souvent exacerb\u00e9s par le changement climatique, la crise financi\u00e8re et les crises de prix.<\/p>\n<p>Les taux de la faim dans les pays victimes de crises prolong\u00e9es sont trois fois plus \u00e9lev\u00e9s qu&rsquo;ailleurs. En 2012, cette situation concernait quelque 366 millions de personnes, dont 129 millions \u00e9taient sous-aliment\u00e9s, soit 19% de toutes les victimes d&rsquo;ins\u00e9curit\u00e9 alimentaire de la plan\u00e8te.<\/p>\n<p>Pourtant, parall\u00e8lement, 1,9 milliard d&rsquo;habitants sont venus gonfler les rangs de la population mondiale depuis 1990, ce qui rend d&rsquo;autant plus impressionnantes les r\u00e9ductions du nombre de personnes victimes de la faim, souligne le rapport.<\/p>\n<p>D&rsquo;importantes r\u00e9ductions de la faim ont \u00e9t\u00e9 r\u00e9alis\u00e9es en Asie de l&rsquo;Est. L&rsquo;Am\u00e9rique latine et les Cara\u00efbes, l&rsquo;Asie du Sud-Est et l&rsquo;Asie centrale, ainsi que certaines parties de l&rsquo;Afrique ont affich\u00e9 des progr\u00e8s tr\u00e8s rapides, montrant que la croissance \u00e9conomique inclusive, les investissements dans l&rsquo;agriculture et la protection sociale, dans un contexte de stabilit\u00e9 politique, rendent l&rsquo;\u00e9limination de la faim possible. C&rsquo;est, avant tout, la volont\u00e9 politique de faire de l&rsquo;\u00e9radication de la faim un objectif de d\u00e9veloppement primordial qui est \u00e0 l&rsquo;origine des progr\u00e8s.<\/p>\n<p>L&rsquo;Afrique subsaharienne est la r\u00e9gion qui accuse la pr\u00e9valence la plus \u00e9lev\u00e9e de sous-alimentation dans le monde \u2013 23,2%, soit pr\u00e8s d&rsquo;une personne sur 4. Toutefois, les nations africaines qui ont investi davantage dans la productivit\u00e9 agricole et les infrastructures de base ont su r\u00e9aliser leur objectif OMD, notamment en Afrique de l&rsquo;Ouest.<\/p>\n<p>La proportion de personnes souffrant de la faim en Am\u00e9rique et aux Cara\u00efbes a chut\u00e9 de 14,7% \u00e0 5,5% depuis 1990, tandis que la part des enfants de moins de 5 ans en sous-poids a \u00e9galement recul\u00e9 sensiblement.<\/p>\n<p>Diverses tendances ont \u00e9t\u00e9 observ\u00e9es dans diff\u00e9rentes parties d&rsquo;Asie. Les pays d&rsquo;Asie de l&rsquo;Est et du Sud-Est ont r\u00e9duit de fa\u00e7on constante et rapide les deux indicateurs de sous-alimentation, soutenus par l&rsquo;investissement dans les infrastructures en eau et l&rsquo;hygi\u00e8ne, ainsi que par des perspectives \u00e9conomiques favorables.<\/p>\n<p>En Asie du Sud, la pr\u00e9valence de la sous-alimentation a baiss\u00e9 mod\u00e9r\u00e9ment, passant de 23,9 \u00e0 15,7%, mais des progr\u00e8s bien plus importants ont \u00e9t\u00e9 accomplis dans la r\u00e9duction de l&rsquo;insuffisance pond\u00e9rale des jeunes enfants.<\/p>\n<p>Une grave ins\u00e9curit\u00e9 alimentaire est sur le point d&rsquo;\u00eatre \u00e9radiqu\u00e9e en Afrique du Nord, o\u00f9 la pr\u00e9valence de la sous-alimentation s&rsquo;\u00e9tablit \u00e0 moins de 5%, tandis que la hausse de la pr\u00e9valence du surpoids et de l&rsquo;ob\u00e9sit\u00e9 suscite des pr\u00e9occupations croissantes dans la r\u00e9gion.<\/p>\n<p>En Asie de l&rsquo;Ouest, o\u00f9 les conditions d&rsquo;hygi\u00e8ne sont g\u00e9n\u00e9ralement avanc\u00e9es et o\u00f9 les taux d&rsquo;insuffisance pond\u00e9rale des enfants sont faibles, l&rsquo;incidence de la faim a augment\u00e9 \u00e0 cause de la guerre, des troubles int\u00e9rieurs et, partant, de populations massives de migrants et de r\u00e9fugi\u00e9s dans certains pays.<\/p>\n<p><a href=\"https:\/\/www.un.org\/apps\/newsFr\/storyF.asp?NewsID=34860#.VbABxPlVhBc\">Via le Centre d&rsquo;actualit\u00e9s de l&rsquo;ONU<\/a><\/p>\n<\/div>\n<p>&nbsp;<\/p>\n","protected":false},"excerpt":{"rendered":"<p>27 mai 2015 \u2013 Le nombre de personnes victimes de la faim dans le monde est pass\u00e9 sous la barre des 800 millions, ont annonc\u00e9 mercredi l&rsquo;Organisation des Nations Unies pour l&rsquo;alimentation et l&rsquo;agriculture (FAO), le Fonds international de d\u00e9veloppement agricole (FIDA) et le Programme alimentaire mondial (PAM).<\/p>\n","protected":false},"author":136,"featured_media":2752,"comment_status":"closed","ping_status":"closed","sticky":false,"template":"","format":"standard","meta":{"_et_pb_use_builder":"","_et_pb_old_content":"","_et_gb_content_width":"","footnotes":""},"categories":[16,12],"tags":[],"class_list":["post-2749","post","type-post","status-publish","format-standard","has-post-thumbnail","hentry","category-news","category-hunger"],"_links":{"self":[{"href":"https:\/\/www.un.org\/sustainabledevelopment\/fr\/wp-json\/wp\/v2\/posts\/2749","targetHints":{"allow":["GET"]}}],"collection":[{"href":"https:\/\/www.un.org\/sustainabledevelopment\/fr\/wp-json\/wp\/v2\/posts"}],"about":[{"href":"https:\/\/www.un.org\/sustainabledevelopment\/fr\/wp-json\/wp\/v2\/types\/post"}],"author":[{"embeddable":true,"href":"https:\/\/www.un.org\/sustainabledevelopment\/fr\/wp-json\/wp\/v2\/users\/136"}],"replies":[{"embeddable":true,"href":"https:\/\/www.un.org\/sustainabledevelopment\/fr\/wp-json\/wp\/v2\/comments?post=2749"}],"version-history":[{"count":0,"href":"https:\/\/www.un.org\/sustainabledevelopment\/fr\/wp-json\/wp\/v2\/posts\/2749\/revisions"}],"wp:featuredmedia":[{"embeddable":true,"href":"https:\/\/www.un.org\/sustainabledevelopment\/fr\/wp-json\/wp\/v2\/media\/2752"}],"wp:attachment":[{"href":"https:\/\/www.un.org\/sustainabledevelopment\/fr\/wp-json\/wp\/v2\/media?parent=2749"}],"wp:term":[{"taxonomy":"category","embeddable":true,"href":"https:\/\/www.un.org\/sustainabledevelopment\/fr\/wp-json\/wp\/v2\/categories?post=2749"},{"taxonomy":"post_tag","embeddable":true,"href":"https:\/\/www.un.org\/sustainabledevelopment\/fr\/wp-json\/wp\/v2\/tags?post=2749"}],"curies":[{"name":"wp","href":"https:\/\/api.w.org\/{rel}","templated":true}]}}