  {"id":2794,"date":"2015-06-08T18:16:50","date_gmt":"2015-06-08T18:16:50","guid":{"rendered":"http:\/\/www.un.org\/sustainabledevelopment\/fr\/?p=2794"},"modified":"2017-11-13T12:33:22","modified_gmt":"2017-11-13T17:33:22","slug":"lonu-appelle-a-inclure-la-preservation-des-oceans-dans-les-strategies-de-developpement-durable","status":"publish","type":"post","link":"https:\/\/www.un.org\/sustainabledevelopment\/fr\/2015\/06\/08\/lonu-appelle-a-inclure-la-preservation-des-oceans-dans-les-strategies-de-developpement-durable\/","title":{"rendered":"L&rsquo;ONU appelle \u00e0 inclure la pr\u00e9servation des oc\u00e9ans dans les strat\u00e9gies de d\u00e9veloppement durable"},"content":{"rendered":"<p>8 juin 2015 \u2013 A l&rsquo;occasion de la Journ\u00e9e mondiale de l&rsquo;oc\u00e9an, le Secr\u00e9taire g\u00e9n\u00e9ral de l&rsquo;ONU, Ban Ki-moon, a soulign\u00e9 lundi le lien interd\u00e9pendant entre le d\u00e9veloppement durable, la lutte contre le changement climatique et la pr\u00e9servation des oc\u00e9ans.<\/p>\n<p>\u00ab Les oc\u00e9ans sont une composante fondamentale de l&rsquo;\u00e9cosyst\u00e8me terrestre, et des oc\u00e9ans sains sont essentiels \u00e0 une plan\u00e8te en bonne sant\u00e9 \u00bb, a d\u00e9clar\u00e9 le chef de l&rsquo;ONU dans un message, ajoutant que deux personnes sur cinq vivent \u00e0 proximit\u00e9 des c\u00f4tes et trois sur sept d\u00e9pendent des ressources marines et c\u00f4ti\u00e8res pour subsister.<\/p>\n<p>Cette Journ\u00e9e est organis\u00e9e chaque ann\u00e9e le 8 juin pour rappeler l&rsquo;importance des oc\u00e9ans dans la vie quotidienne des individus, informer le public quant \u00e0 l&rsquo;impact des actions humaines sur l&rsquo;oc\u00e9an et mobiliser les populations du monde sur un projet de gestion durable des oc\u00e9ans.<\/p>\n<p>Le th\u00e8me de cette \u00e9dition 2015, \u00ab Oc\u00e9an sain, plan\u00e8te saine \u00bb, vise \u00e0 mettre l&rsquo;accent sur la pollution engendr\u00e9e par les mati\u00e8res plastiques, qui provoque une d\u00e9gradation tr\u00e8s lente, affectant les cours d&rsquo;eau pour de nombreuses ann\u00e9es et a \u00e9galement des cons\u00e9quences sur la sant\u00e9 des animaux aquatiques.<\/p>\n<p>Compte tenu de leur importance pour la sant\u00e9 de la plan\u00e8te et la prosp\u00e9rit\u00e9 de ses habitants, M. Ban a rappel\u00e9 dans son message que les oc\u00e9ans occupent une place centrale dans la strat\u00e9gie pour un d\u00e9veloppement durable en cours d&rsquo;\u00e9laboration par la communaut\u00e9 internationale, y compris dans les nouveaux objectifs de d\u00e9veloppement durable visant \u00e0 orienter la lutte mondiale contre la pauvret\u00e9 pour les 15 ann\u00e9es \u00e0 venir.<\/p>\n<p>\u00ab Nos oc\u00e9ans r\u00e9gulent le climat et remin\u00e9ralisent les nutriments par des cycles naturels, tout en fournissant un vaste ensemble de services, dont des ressources naturelles, de la nourriture et des emplois, qui b\u00e9n\u00e9ficient \u00e0 des milliards de personnes \u00bb, a poursuivi le Secr\u00e9taire g\u00e9n\u00e9ral.<\/p>\n<p>Les changements climatiques d&rsquo;origine humaine sont en partie responsables du r\u00e9chauffement des oc\u00e9ans, a-t-il poursuivi, soulignant que le niveau des mers monte et a des effets d\u00e9vastateurs sur les populations vuln\u00e9rables, en particulier celles des petits \u00c9tats insulaires en d\u00e9veloppement.<\/p>\n<p>\u00ab Du fait qu&rsquo;ils absorbent de grandes quantit\u00e9s de gaz \u00e0 effet de serre, les oc\u00e9ans s&rsquo;acidifient. Les \u00e9cosyst\u00e8mes oc\u00e9aniques se d\u00e9gradent. Les coraux, o\u00f9 la vie marine foisonne, souffrent de blanchiment et meurent sous l&rsquo;effet de la hausse des temp\u00e9ratures \u00bb, a d\u00e9plor\u00e9 M. Ban.<\/p>\n<p>Le Secr\u00e9taire g\u00e9n\u00e9ral a par ailleurs salu\u00e9 les efforts d\u00e9ploy\u00e9s par les gouvernements pour conclure cette ann\u00e9e des accords historiques sur le changement climatique et l&rsquo;\u00e9limination de la pauvret\u00e9, ajoutant qu&rsquo;ils ne pourront y parvenir que s&rsquo;ils prennent en compte le r\u00f4le essentiel des oc\u00e9ans.<\/p>\n<p>\u00ab Les oc\u00e9ans sont vastes, mais leur capacit\u00e9 \u00e0 r\u00e9sister aux dommages d&rsquo;origine humaine est limit\u00e9e. En cette ann\u00e9e, que nous esp\u00e9rons d\u00e9cisive, nous devons nous engager \u00e0 profiter du cadeau que repr\u00e9sentent les oc\u00e9ans de mani\u00e8re pacifique, \u00e9quitable et durable de g\u00e9n\u00e9ration en g\u00e9n\u00e9ration \u00bb, a dit M. Ban.<\/p>\n<p><a href=\"https:\/\/www.un.org\/apps\/newsFr\/storyF.asp?NewsID=34938#.VbKBMflVhBc\">Via le Centre d&rsquo;actualit\u00e9s de l&rsquo;ONU<\/a><\/p>\n","protected":false},"excerpt":{"rendered":"<p>8 juin 2015 \u2013 A l&rsquo;occasion de la Journ\u00e9e mondiale de l&rsquo;oc\u00e9an, le Secr\u00e9taire g\u00e9n\u00e9ral de l&rsquo;ONU, Ban Ki-moon, a soulign\u00e9 lundi le lien interd\u00e9pendant entre le d\u00e9veloppement durable, la lutte contre le changement climatique et la pr\u00e9servation des oc\u00e9ans.<\/p>\n","protected":false},"author":136,"featured_media":2797,"comment_status":"closed","ping_status":"closed","sticky":false,"template":"","format":"standard","meta":{"_et_pb_use_builder":"","_et_pb_old_content":"","_et_gb_content_width":"","footnotes":""},"categories":[16,17],"tags":[],"class_list":["post-2794","post","type-post","status-publish","format-standard","has-post-thumbnail","hentry","category-news","category-oceans"],"_links":{"self":[{"href":"https:\/\/www.un.org\/sustainabledevelopment\/fr\/wp-json\/wp\/v2\/posts\/2794","targetHints":{"allow":["GET"]}}],"collection":[{"href":"https:\/\/www.un.org\/sustainabledevelopment\/fr\/wp-json\/wp\/v2\/posts"}],"about":[{"href":"https:\/\/www.un.org\/sustainabledevelopment\/fr\/wp-json\/wp\/v2\/types\/post"}],"author":[{"embeddable":true,"href":"https:\/\/www.un.org\/sustainabledevelopment\/fr\/wp-json\/wp\/v2\/users\/136"}],"replies":[{"embeddable":true,"href":"https:\/\/www.un.org\/sustainabledevelopment\/fr\/wp-json\/wp\/v2\/comments?post=2794"}],"version-history":[{"count":0,"href":"https:\/\/www.un.org\/sustainabledevelopment\/fr\/wp-json\/wp\/v2\/posts\/2794\/revisions"}],"wp:featuredmedia":[{"embeddable":true,"href":"https:\/\/www.un.org\/sustainabledevelopment\/fr\/wp-json\/wp\/v2\/media\/2797"}],"wp:attachment":[{"href":"https:\/\/www.un.org\/sustainabledevelopment\/fr\/wp-json\/wp\/v2\/media?parent=2794"}],"wp:term":[{"taxonomy":"category","embeddable":true,"href":"https:\/\/www.un.org\/sustainabledevelopment\/fr\/wp-json\/wp\/v2\/categories?post=2794"},{"taxonomy":"post_tag","embeddable":true,"href":"https:\/\/www.un.org\/sustainabledevelopment\/fr\/wp-json\/wp\/v2\/tags?post=2794"}],"curies":[{"name":"wp","href":"https:\/\/api.w.org\/{rel}","templated":true}]}}